{"id":8800,"date":"2026-04-12T06:32:40","date_gmt":"2026-04-12T06:32:40","guid":{"rendered":"https:\/\/mairies-online.com\/blog\/commune-gestion-dechets\/"},"modified":"2026-04-12T06:32:40","modified_gmt":"2026-04-12T06:32:40","slug":"commune-gestion-dechets","status":"publish","type":"post","link":"https:\/\/mairies-online.com\/blog\/commune-gestion-dechets\/","title":{"rendered":"Ce que votre commune fait de vos d\u00e9chets une fois collect\u00e9s"},"content":{"rendered":"<p><strong>En bref :<\/strong><\/p>\n\n<ul class=\"wp-block-list\"><li><strong>15%<\/strong> de d\u00e9chets m\u00e9nagers r\u00e9siduels en moins sur le premier semestre 2024 dans 28 communes.<\/li><li>Collecte mixte : porte-\u00e0-porte, colonnes 24\/7 et points tri selon l\u2019habitat.<\/li><li>Objectif : diviser par deux l\u2019enfouissement en 5 ans gr\u00e2ce au <strong>tri s\u00e9lectif<\/strong> et au <strong>compostage<\/strong>.<\/li><li>La gestion locale s\u2019appuie sur des fili\u00e8res REP et la <strong>valorisation \u00e9nerg\u00e9tique<\/strong> quand c\u2019est pertinent.<\/li><\/ul>\n\n<p>Ta commune transforme ce que tu jettes : entre <strong>recyclage<\/strong>, <strong>incin\u00e9ration<\/strong> et compostage, chaque d\u00e9chet a un itin\u00e9raire pr\u00e9cis. Voici comment \u00e7a se passe concr\u00e8tement, commune par commune, et pourquoi ces choix comptent pour ton porte\u2011monnaie et pour l\u2019environnement.<\/p>\n\n<h2 class=\"wp-block-heading\">Qui organise la collecte des d\u00e9chets dans ta commune ?<\/h2>\n\n<p>Depuis la loi NOTRe, l\u2019EPCI pilote la <strong>collecte des d\u00e9chets<\/strong> et fixe le r\u00e8glement via son pr\u00e9sident. Certaines comp\u00e9tences peuvent \u00eatre transf\u00e9r\u00e9es \u00e0 un syndicat ou au d\u00e9partement par convention.<\/p>\n\n<p>Consulte le guide officiel pour savoir qui g\u00e8re ta commune : <a href=\"https:\/\/www.collectivites-locales.gouv.fr\/animer-les-territoires\/environnement-et-urbanisme\/environnement-energie-et-developpement-durable\/les-dechets\">organisation des collectivit\u00e9s<\/a>.<\/p>\n\n<h3 class=\"wp-block-heading\">Exemple concret : vall\u00e9e de l\u2019H\u00e9rault<\/h3>\n\n<p>Dans 11 communes du sud, pr\u00e8s de <strong>5 000 foyers<\/strong> ont re\u00e7u des bacs jaunes et 1 500 ont acc\u00e8s \u00e0 des points tri de proximit\u00e9. R\u00e9sultat : plus de <strong>80 \u00e0 100 tonnes<\/strong> de d\u00e9chets r\u00e9siduels \u00e9vit\u00e9es chaque mois.<\/p>\n\n<h2 class=\"wp-block-heading\">Que deviennent tes d\u00e9chets apr\u00e8s la collecte ?<\/h2>\n\n<p>Les emballages et papiers vont vers des centres de tri puis vers le <strong>recyclage<\/strong> ou la <strong>valorisation \u00e9nerg\u00e9tique<\/strong>. Les ordures non tri\u00e9es peuvent partir en <strong>incin\u00e9ration<\/strong> ou en <strong>d\u00e9charge<\/strong> selon le centre de traitement local.<\/p>\n\n<p>Pour comprendre le parcours d\u00e9taill\u00e9 des emballages, vois le dossier de suivi : <a href=\"https:\/\/sitetom.syctom-paris.fr\/le-parcours-des-dechets\/tom-collecte.html\">parcours des d\u00e9chets<\/a>.<\/p>\n\n<h2 class=\"wp-block-heading\">M\u00e9canismes pour r\u00e9duire et financer la gestion des d\u00e9chets<\/h2>\n\n<p>Les fili\u00e8res <strong>REP<\/strong> obligent les producteurs \u00e0 financer une part du traitement. Les EPCI peuvent instituer une REOM ou une TEOM incitative pour encourager la <strong>r\u00e9duction des d\u00e9chets<\/strong>.<\/p>\n\n<p>Exemple de calendrier : d\u00e9ploiement en trois phases entre 2023 et 2026, avec extension compl\u00e8te aux 28 communes et adaptation selon l\u2019habitat.<\/p>\n\n<figure class=\"wp-block-table\"><table>\n<thead>\n<tr>\n<th>Phase<\/th>\n<th>Ann\u00e9es<\/th>\n<th>Foyers \u00e9quip\u00e9s<\/th>\n<\/tr>\n<\/thead>\n<tbody>\n<tr>\n<td>Phase 1<\/td>\n<td>2023<\/td>\n<td>~5 000<\/td>\n<\/tr>\n<tr>\n<td>Phase 2<\/td>\n<td>2025<\/td>\n<td>Aniane, Gignac, St-Andr\u00e9-de-Sangonis<\/td>\n<\/tr>\n<tr>\n<td>Phase 3<\/td>\n<td>2026<\/td>\n<td>14 communes restantes<\/td>\n<\/tr>\n<\/tbody>\n<\/table><\/figure>\n\n<ul class=\"wp-block-list\"><li>Respecte le <strong>tri s\u00e9lectif<\/strong> : chaque geste compte.<\/li><li>Privil\u00e9gie le <strong>compostage<\/strong> des biod\u00e9chets quand c\u2019est possible.<\/li><li>Renseigne-toi sur les jours et fr\u00e9quences de ramassage pour ta rue.<\/li><\/ul>\n\n<p>Pour v\u00e9rifier pr\u00e9cis\u00e9ment les jours de collecte et les r\u00e8gles appliqu\u00e9es \u00e0 ta commune, consulte le plan local ou des ressources pratiques comme <a href=\"https:\/\/www.cc-vallee-herault.fr\/projets\/reorganisation-des-collectes-des-dechets\/\">le projet de r\u00e9organisation<\/a> ou la page pratique d&rsquo;une mairie comme <a href=\"https:\/\/www.lafrancheville.fr\/pratique\/vos-dechets\">La Francheville &#8211; Vos d\u00e9chets<\/a>. Pour trouver les informations de ta propre commune, rends-toi sur <a href=\"https:\/\/mairies-online.com\/blog\/fusion-communes-habitants\/\">mairies-online<\/a>.<\/p>\n\n<script type=\"application\/ld+json\">\n{\"@context\":\"https:\/\/schema.org\",\"@type\":\"FAQPage\",\"mainEntity\":[{\"@type\":\"Question\",\"name\":\"Qui fixe les ru00e8gles de collecte dans ma communeu202f?\",\"acceptedAnswer\":{\"@type\":\"Answer\",\"text\":\"Le pru00e9sident de lu2019EPCI du00e9finit les modalitu00e9s via le ru00e8glement de collecte, u00e9ventuellement relayu00e9 par un syndicat ou le du00e9partement.\"}},{\"@type\":\"Question\",\"name\":\"Que faire des biodu00e9chetsu202f?\",\"acceptedAnswer\":{\"@type\":\"Answer\",\"text\":\"Composter quand cu2019est possible ou utiliser la collecte de biodu00e9chets hebdomadaire mise en place par de nombreuses communes.\"}},{\"@type\":\"Question\",\"name\":\"La TEOM peut-elle u00eatre incitativeu202f?\",\"acceptedAnswer\":{\"@type\":\"Answer\",\"text\":\"Oui, la part incitative de la TEOM peut u00eatre basu00e9e sur le volume, le poids ou le nombre du2019enlu00e8vements pour encourager le tri.\"}}]}\n<\/script>\n<h3>Qui fixe les r\u00e8gles de collecte dans ma commune\u202f?<\/h3>\n<p>Le pr\u00e9sident de l\u2019EPCI d\u00e9finit les modalit\u00e9s via le r\u00e8glement de collecte, \u00e9ventuellement relay\u00e9 par un syndicat ou le d\u00e9partement.<\/p>\n<h3>Que faire des biod\u00e9chets\u202f?<\/h3>\n<p>Composter quand c\u2019est possible ou utiliser la collecte de biod\u00e9chets hebdomadaire mise en place par de nombreuses communes.<\/p>\n<h3>La TEOM peut-elle \u00eatre incitative\u202f?<\/h3>\n<p>Oui, la part incitative de la TEOM peut \u00eatre bas\u00e9e sur le volume, le poids ou le nombre d\u2019enl\u00e8vements pour encourager le tri.<\/p>\n\n","protected":false},"excerpt":{"rendered":"<p>En bref : Ta commune transforme ce que tu jettes : entre recyclage, incin\u00e9ration et compostage, chaque d\u00e9chet a un itin\u00e9raire pr\u00e9cis. Voici comment \u00e7a se passe concr\u00e8tement, commune par commune, et pourquoi ces choix comptent pour ton porte\u2011monnaie et pour l\u2019environnement. Qui organise la collecte des d\u00e9chets dans ta commune ? Depuis la loi &#8230; <a title=\"Ce que votre commune fait de vos d\u00e9chets une fois collect\u00e9s\" class=\"read-more\" href=\"https:\/\/mairies-online.com\/blog\/commune-gestion-dechets\/\" aria-label=\"En savoir plus sur Ce que votre commune fait de vos d\u00e9chets une fois collect\u00e9s\">Lire la suite<\/a><\/p>\n","protected":false},"author":6,"featured_media":8799,"comment_status":"","ping_status":"","sticky":false,"template":"","format":"standard","meta":{"footnotes":""},"categories":[1],"tags":[24226,24228,24229,24225,24227],"class_list":["post-8800","post","type-post","status-publish","format-standard","has-post-thumbnail","hentry","category-actualites","tag-collecte-des-dechets","tag-commune-et-dechets","tag-dechets-menagers","tag-gestion-des-dechets","tag-recyclage-municipal"],"yoast_head":"<!-- This site is optimized with the Yoast SEO plugin v27.5 - https:\/\/yoast.com\/product\/yoast-seo-wordpress\/ -->\n<title>Ce que votre commune fait de vos d\u00e9chets une fois collect\u00e9s -<\/title>\n<meta name=\"description\" content=\"D\u00e9couvrez comment votre commune g\u00e8re et valorise les d\u00e9chets apr\u00e8s leur collecte pour un environnement plus propre et durable.\" \/>\n<meta name=\"robots\" content=\"index, follow, max-snippet:-1, max-image-preview:large, max-video-preview:-1\" \/>\n<link rel=\"canonical\" href=\"https:\/\/mairies-online.com\/blog\/commune-gestion-dechets\/\" \/>\n<meta property=\"og:locale\" content=\"fr_FR\" \/>\n<meta property=\"og:type\" content=\"article\" \/>\n<meta property=\"og:title\" content=\"Ce que votre commune fait de vos d\u00e9chets une fois collect\u00e9s -\" \/>\n<meta property=\"og:description\" content=\"D\u00e9couvrez comment votre commune g\u00e8re et valorise les d\u00e9chets apr\u00e8s leur collecte pour un environnement plus propre et durable.\" \/>\n<meta property=\"og:url\" content=\"https:\/\/mairies-online.com\/blog\/commune-gestion-dechets\/\" \/>\n<meta property=\"article:published_time\" content=\"2026-04-12T06:32:40+00:00\" \/>\n<meta property=\"og:image\" content=\"https:\/\/mairies-online.com\/blog\/wp-content\/uploads\/2026\/04\/Ce-que-votre-commune-fait-de-vos-dechets-une-fois-collectes.jpg\" \/>\n\t<meta property=\"og:image:width\" content=\"1920\" \/>\n\t<meta property=\"og:image:height\" content=\"1072\" \/>\n\t<meta property=\"og:image:type\" content=\"image\/jpeg\" \/>\n<meta name=\"author\" content=\"Adam Fontaine\" \/>\n<meta name=\"twitter:card\" content=\"summary_large_image\" \/>\n<meta name=\"twitter:label1\" content=\"\u00c9crit par\" \/>\n\t<meta name=\"twitter:data1\" content=\"Adam Fontaine\" \/>\n\t<meta name=\"twitter:label2\" content=\"Dur\u00e9e de lecture estim\u00e9e\" \/>\n\t<meta name=\"twitter:data2\" content=\"3 minutes\" \/>\n<script type=\"application\/ld+json\" class=\"yoast-schema-graph\">{\"@context\":\"https:\\\/\\\/schema.org\",\"@graph\":[{\"@type\":\"Article\",\"@id\":\"https:\\\/\\\/mairies-online.com\\\/blog\\\/commune-gestion-dechets\\\/#article\",\"isPartOf\":{\"@id\":\"https:\\\/\\\/mairies-online.com\\\/blog\\\/commune-gestion-dechets\\\/\"},\"author\":{\"name\":\"Adam Fontaine\",\"@id\":\"https:\\\/\\\/mairies-online.com\\\/blog\\\/#\\\/schema\\\/person\\\/097040a69656d16bed374eff911b37d7\",\"@type\":\"Person\"},\"headline\":\"Ce que votre commune fait de vos d\u00e9chets une fois collect\u00e9s\",\"datePublished\":\"2026-04-12T06:32:40+00:00\",\"mainEntityOfPage\":{\"@id\":\"https:\\\/\\\/mairies-online.com\\\/blog\\\/commune-gestion-dechets\\\/\"},\"wordCount\":551,\"image\":{\"@id\":\"https:\\\/\\\/mairies-online.com\\\/blog\\\/commune-gestion-dechets\\\/#primaryimage\"},\"thumbnailUrl\":\"https:\\\/\\\/mairies-online.com\\\/blog\\\/wp-content\\\/uploads\\\/2026\\\/04\\\/Ce-que-votre-commune-fait-de-vos-dechets-une-fois-collectes.jpg\",\"keywords\":[\"collecte des d\u00e9chets\",\"commune et d\u00e9chets\",\"d\u00e9chets m\u00e9nagers\",\"gestion des d\u00e9chets\",\"recyclage municipal\"],\"articleSection\":[\"Actualit\u00e9s\"],\"inLanguage\":\"fr-FR\",\"isAccessibleForFree\":true,\"dateModified\":\"2026-04-12T06:32:40+00:00\"},{\"@type\":\"WebPage\",\"@id\":\"https:\\\/\\\/mairies-online.com\\\/blog\\\/commune-gestion-dechets\\\/\",\"url\":\"https:\\\/\\\/mairies-online.com\\\/blog\\\/commune-gestion-dechets\\\/\",\"name\":\"Ce que votre commune fait de vos d\u00e9chets une fois collect\u00e9s -\",\"isPartOf\":{\"@id\":\"https:\\\/\\\/mairies-online.com\\\/blog\\\/#website\"},\"primaryImageOfPage\":{\"@id\":\"https:\\\/\\\/mairies-online.com\\\/blog\\\/commune-gestion-dechets\\\/#primaryimage\"},\"image\":{\"@id\":\"https:\\\/\\\/mairies-online.com\\\/blog\\\/commune-gestion-dechets\\\/#primaryimage\"},\"thumbnailUrl\":\"https:\\\/\\\/mairies-online.com\\\/blog\\\/wp-content\\\/uploads\\\/2026\\\/04\\\/Ce-que-votre-commune-fait-de-vos-dechets-une-fois-collectes.jpg\",\"datePublished\":\"2026-04-12T06:32:40+00:00\",\"author\":{\"@id\":\"https:\\\/\\\/mairies-online.com\\\/blog\\\/#\\\/schema\\\/person\\\/097040a69656d16bed374eff911b37d7\"},\"description\":\"D\u00e9couvrez comment votre commune g\u00e8re et valorise les d\u00e9chets apr\u00e8s leur collecte pour un environnement plus propre et durable.\",\"breadcrumb\":{\"@id\":\"https:\\\/\\\/mairies-online.com\\\/blog\\\/commune-gestion-dechets\\\/#breadcrumb\"},\"inLanguage\":\"fr-FR\",\"potentialAction\":[{\"@type\":\"ReadAction\",\"target\":[\"https:\\\/\\\/mairies-online.com\\\/blog\\\/commune-gestion-dechets\\\/\"]}]},{\"@type\":\"ImageObject\",\"inLanguage\":\"fr-FR\",\"@id\":\"https:\\\/\\\/mairies-online.com\\\/blog\\\/commune-gestion-dechets\\\/#primaryimage\",\"url\":\"https:\\\/\\\/mairies-online.com\\\/blog\\\/wp-content\\\/uploads\\\/2026\\\/04\\\/Ce-que-votre-commune-fait-de-vos-dechets-une-fois-collectes.jpg\",\"contentUrl\":\"https:\\\/\\\/mairies-online.com\\\/blog\\\/wp-content\\\/uploads\\\/2026\\\/04\\\/Ce-que-votre-commune-fait-de-vos-dechets-une-fois-collectes.jpg\",\"width\":1920,\"height\":1072,\"caption\":\"d\u00e9couvrez le processus de gestion des d\u00e9chets dans votre commune, de la collecte au traitement, pour mieux comprendre ce qui est fait de vos d\u00e9chets.\"},{\"@type\":\"BreadcrumbList\",\"@id\":\"https:\\\/\\\/mairies-online.com\\\/blog\\\/commune-gestion-dechets\\\/#breadcrumb\",\"itemListElement\":[{\"@type\":\"ListItem\",\"position\":1,\"name\":\"Home\",\"item\":\"https:\\\/\\\/mairies-online.com\\\/blog\\\/\"},{\"@type\":\"ListItem\",\"position\":2,\"name\":\"Ce que votre commune fait de vos d\u00e9chets une fois collect\u00e9s\"}]},{\"@type\":\"WebSite\",\"@id\":\"https:\\\/\\\/mairies-online.com\\\/blog\\\/#website\",\"url\":\"https:\\\/\\\/mairies-online.com\\\/blog\\\/\",\"name\":\"\",\"description\":\"\",\"potentialAction\":[{\"@type\":\"SearchAction\",\"target\":{\"@type\":\"EntryPoint\",\"urlTemplate\":\"https:\\\/\\\/mairies-online.com\\\/blog\\\/?s={search_term_string}\"},\"query-input\":{\"@type\":\"PropertyValueSpecification\",\"valueRequired\":true,\"valueName\":\"search_term_string\"}}],\"inLanguage\":\"fr-FR\"},{\"@type\":\"Person\",\"@id\":\"https:\\\/\\\/mairies-online.com\\\/blog\\\/#\\\/schema\\\/person\\\/097040a69656d16bed374eff911b37d7\",\"name\":\"Adam Fontaine\",\"image\":{\"@type\":\"ImageObject\",\"inLanguage\":\"fr-FR\",\"@id\":\"https:\\\/\\\/mairies-online.com\\\/blog\\\/wp-content\\\/uploads\\\/2026\\\/03\\\/user-avatar-96x96.jpg\",\"url\":\"https:\\\/\\\/mairies-online.com\\\/blog\\\/wp-content\\\/uploads\\\/2026\\\/03\\\/user-avatar-96x96.jpg\",\"contentUrl\":\"https:\\\/\\\/mairies-online.com\\\/blog\\\/wp-content\\\/uploads\\\/2026\\\/03\\\/user-avatar-96x96.jpg\",\"caption\":\"Adam Fontaine\"},\"description\":\"Journaliste sp\u00e9cialis\u00e9 en collectivit\u00e9s territoriales et politiques publiques locales depuis plus de 15 ans. Ancien attach\u00e9 territorial, Adam Fontaine couvre l'actualit\u00e9 des mairies, intercommunalit\u00e9s et services publics de proximit\u00e9. Expert en finances locales, urbanisme et action sociale communale, il d\u00e9crypte les dispositifs d'aide, les r\u00e9formes institutionnelles et les enjeux du quotidien des administr\u00e9s. Ses analyses s'appuient sur une connaissance approfondie du terrain et des sources officielles (DGCL, AMF, Cour des comptes). Contributeur r\u00e9gulier de Mairies Online depuis 2019.\",\"url\":\"https:\\\/\\\/mairies-online.com\\\/blog\\\/author\\\/adam-fontaine-48\\\/\"}]}<\/script>\n<!-- \/ Yoast SEO plugin. -->","yoast_head_json":{"title":"Ce que votre commune fait de vos d\u00e9chets une fois collect\u00e9s -","description":"D\u00e9couvrez comment votre commune g\u00e8re et valorise les d\u00e9chets apr\u00e8s leur collecte pour un environnement plus propre et durable.","robots":{"index":"index","follow":"follow","max-snippet":"max-snippet:-1","max-image-preview":"max-image-preview:large","max-video-preview":"max-video-preview:-1"},"canonical":"https:\/\/mairies-online.com\/blog\/commune-gestion-dechets\/","og_locale":"fr_FR","og_type":"article","og_title":"Ce que votre commune fait de vos d\u00e9chets une fois collect\u00e9s -","og_description":"D\u00e9couvrez comment votre commune g\u00e8re et valorise les d\u00e9chets apr\u00e8s leur collecte pour un environnement plus propre et durable.","og_url":"https:\/\/mairies-online.com\/blog\/commune-gestion-dechets\/","article_published_time":"2026-04-12T06:32:40+00:00","og_image":[{"width":1920,"height":1072,"url":"https:\/\/mairies-online.com\/blog\/wp-content\/uploads\/2026\/04\/Ce-que-votre-commune-fait-de-vos-dechets-une-fois-collectes.jpg","type":"image\/jpeg"}],"author":"Adam Fontaine","twitter_card":"summary_large_image","twitter_misc":{"\u00c9crit par":"Adam Fontaine","Dur\u00e9e de lecture estim\u00e9e":"3 minutes"},"schema":{"@context":"https:\/\/schema.org","@graph":[{"@type":"Article","@id":"https:\/\/mairies-online.com\/blog\/commune-gestion-dechets\/#article","isPartOf":{"@id":"https:\/\/mairies-online.com\/blog\/commune-gestion-dechets\/"},"author":{"name":"Adam Fontaine","@id":"https:\/\/mairies-online.com\/blog\/#\/schema\/person\/097040a69656d16bed374eff911b37d7","@type":"Person"},"headline":"Ce que votre commune fait de vos d\u00e9chets une fois collect\u00e9s","datePublished":"2026-04-12T06:32:40+00:00","mainEntityOfPage":{"@id":"https:\/\/mairies-online.com\/blog\/commune-gestion-dechets\/"},"wordCount":551,"image":{"@id":"https:\/\/mairies-online.com\/blog\/commune-gestion-dechets\/#primaryimage"},"thumbnailUrl":"https:\/\/mairies-online.com\/blog\/wp-content\/uploads\/2026\/04\/Ce-que-votre-commune-fait-de-vos-dechets-une-fois-collectes.jpg","keywords":["collecte des d\u00e9chets","commune et d\u00e9chets","d\u00e9chets m\u00e9nagers","gestion des d\u00e9chets","recyclage municipal"],"articleSection":["Actualit\u00e9s"],"inLanguage":"fr-FR","isAccessibleForFree":true,"dateModified":"2026-04-12T06:32:40+00:00"},{"@type":"WebPage","@id":"https:\/\/mairies-online.com\/blog\/commune-gestion-dechets\/","url":"https:\/\/mairies-online.com\/blog\/commune-gestion-dechets\/","name":"Ce que votre commune fait de vos d\u00e9chets une fois collect\u00e9s -","isPartOf":{"@id":"https:\/\/mairies-online.com\/blog\/#website"},"primaryImageOfPage":{"@id":"https:\/\/mairies-online.com\/blog\/commune-gestion-dechets\/#primaryimage"},"image":{"@id":"https:\/\/mairies-online.com\/blog\/commune-gestion-dechets\/#primaryimage"},"thumbnailUrl":"https:\/\/mairies-online.com\/blog\/wp-content\/uploads\/2026\/04\/Ce-que-votre-commune-fait-de-vos-dechets-une-fois-collectes.jpg","datePublished":"2026-04-12T06:32:40+00:00","author":{"@id":"https:\/\/mairies-online.com\/blog\/#\/schema\/person\/097040a69656d16bed374eff911b37d7"},"description":"D\u00e9couvrez comment votre commune g\u00e8re et valorise les d\u00e9chets apr\u00e8s leur collecte pour un environnement plus propre et durable.","breadcrumb":{"@id":"https:\/\/mairies-online.com\/blog\/commune-gestion-dechets\/#breadcrumb"},"inLanguage":"fr-FR","potentialAction":[{"@type":"ReadAction","target":["https:\/\/mairies-online.com\/blog\/commune-gestion-dechets\/"]}]},{"@type":"ImageObject","inLanguage":"fr-FR","@id":"https:\/\/mairies-online.com\/blog\/commune-gestion-dechets\/#primaryimage","url":"https:\/\/mairies-online.com\/blog\/wp-content\/uploads\/2026\/04\/Ce-que-votre-commune-fait-de-vos-dechets-une-fois-collectes.jpg","contentUrl":"https:\/\/mairies-online.com\/blog\/wp-content\/uploads\/2026\/04\/Ce-que-votre-commune-fait-de-vos-dechets-une-fois-collectes.jpg","width":1920,"height":1072,"caption":"d\u00e9couvrez le processus de gestion des d\u00e9chets dans votre commune, de la collecte au traitement, pour mieux comprendre ce qui est fait de vos d\u00e9chets."},{"@type":"BreadcrumbList","@id":"https:\/\/mairies-online.com\/blog\/commune-gestion-dechets\/#breadcrumb","itemListElement":[{"@type":"ListItem","position":1,"name":"Home","item":"https:\/\/mairies-online.com\/blog\/"},{"@type":"ListItem","position":2,"name":"Ce que votre commune fait de vos d\u00e9chets une fois collect\u00e9s"}]},{"@type":"WebSite","@id":"https:\/\/mairies-online.com\/blog\/#website","url":"https:\/\/mairies-online.com\/blog\/","name":"","description":"","potentialAction":[{"@type":"SearchAction","target":{"@type":"EntryPoint","urlTemplate":"https:\/\/mairies-online.com\/blog\/?s={search_term_string}"},"query-input":{"@type":"PropertyValueSpecification","valueRequired":true,"valueName":"search_term_string"}}],"inLanguage":"fr-FR"},{"@type":"Person","@id":"https:\/\/mairies-online.com\/blog\/#\/schema\/person\/097040a69656d16bed374eff911b37d7","name":"Adam Fontaine","image":{"@type":"ImageObject","inLanguage":"fr-FR","@id":"https:\/\/mairies-online.com\/blog\/wp-content\/uploads\/2026\/03\/user-avatar-96x96.jpg","url":"https:\/\/mairies-online.com\/blog\/wp-content\/uploads\/2026\/03\/user-avatar-96x96.jpg","contentUrl":"https:\/\/mairies-online.com\/blog\/wp-content\/uploads\/2026\/03\/user-avatar-96x96.jpg","caption":"Adam Fontaine"},"description":"Journaliste sp\u00e9cialis\u00e9 en collectivit\u00e9s territoriales et politiques publiques locales depuis plus de 15 ans. Ancien attach\u00e9 territorial, Adam Fontaine couvre l'actualit\u00e9 des mairies, intercommunalit\u00e9s et services publics de proximit\u00e9. Expert en finances locales, urbanisme et action sociale communale, il d\u00e9crypte les dispositifs d'aide, les r\u00e9formes institutionnelles et les enjeux du quotidien des administr\u00e9s. Ses analyses s'appuient sur une connaissance approfondie du terrain et des sources officielles (DGCL, AMF, Cour des comptes). Contributeur r\u00e9gulier de Mairies Online depuis 2019.","url":"https:\/\/mairies-online.com\/blog\/author\/adam-fontaine-48\/"}]}},"views":236,"_links":{"self":[{"href":"https:\/\/mairies-online.com\/blog\/wp-json\/wp\/v2\/posts\/8800","targetHints":{"allow":["GET"]}}],"collection":[{"href":"https:\/\/mairies-online.com\/blog\/wp-json\/wp\/v2\/posts"}],"about":[{"href":"https:\/\/mairies-online.com\/blog\/wp-json\/wp\/v2\/types\/post"}],"author":[{"embeddable":true,"href":"https:\/\/mairies-online.com\/blog\/wp-json\/wp\/v2\/users\/6"}],"replies":[{"embeddable":true,"href":"https:\/\/mairies-online.com\/blog\/wp-json\/wp\/v2\/comments?post=8800"}],"version-history":[{"count":0,"href":"https:\/\/mairies-online.com\/blog\/wp-json\/wp\/v2\/posts\/8800\/revisions"}],"wp:featuredmedia":[{"embeddable":true,"href":"https:\/\/mairies-online.com\/blog\/wp-json\/wp\/v2\/media\/8799"}],"wp:attachment":[{"href":"https:\/\/mairies-online.com\/blog\/wp-json\/wp\/v2\/media?parent=8800"}],"wp:term":[{"taxonomy":"category","embeddable":true,"href":"https:\/\/mairies-online.com\/blog\/wp-json\/wp\/v2\/categories?post=8800"},{"taxonomy":"post_tag","embeddable":true,"href":"https:\/\/mairies-online.com\/blog\/wp-json\/wp\/v2\/tags?post=8800"}],"curies":[{"name":"wp","href":"https:\/\/api.w.org\/{rel}","templated":true}]}}