{"id":8790,"date":"2026-04-10T13:49:59","date_gmt":"2026-04-10T13:49:59","guid":{"rendered":"https:\/\/mairies-online.com\/blog\/communes-semaine-4-jours-2026\/"},"modified":"2026-04-10T13:49:59","modified_gmt":"2026-04-10T13:49:59","slug":"communes-semaine-4-jours-2026","status":"publish","type":"post","link":"https:\/\/mairies-online.com\/blog\/communes-semaine-4-jours-2026\/","title":{"rendered":"Les communes qui testent la semaine de 4 jours \u00e0 l&rsquo;\u00e9cole en 2026"},"content":{"rendered":"<p><strong>Tu veux savoir quelles communes testent la <strong>semaine de 4 jours<\/strong> \u00e0 l&rsquo;<strong>\u00e9cole<\/strong> en 2026 ?<\/strong> D\u00e8s la rentr\u00e9e 2026, plusieurs municipalit\u00e9s fran\u00e7aises lancent des exp\u00e9rimentations locales pour adapter les <strong>rythmes scolaires<\/strong> et le <strong>calendrier scolaire<\/strong>. Voici un \u00e9tat des lieux pratique, avec exemples concrets et d\u00e9marches utiles pour les parents.<\/p>\n\n<ul class=\"wp-block-list\"><li><strong>Objectif :<\/strong> all\u00e9ger la semaine tout en maintenant 24 heures d&rsquo;enseignement hebdomadaire.<\/li><li><strong>Exp\u00e9rimentation :<\/strong> communes pilotes, ajustements horaires, \u00e9valuations sur un an.<\/li><li><strong>Impacts :<\/strong> garderie, cantine, transports et recours aux \u00e9quipes p\u00e9dagogiques.<\/li><li><strong>O\u00f9 s\u2019informer :<\/strong> mairie, site officiel, r\u00e9unions publiques.<\/li><\/ul>\n\n<h2 class=\"wp-block-heading\">Quelles communes ont test\u00e9 en 2026 et pourquoi<\/h2>\n\n<p>Des communes de tailles diverses s&rsquo;engagent pour tester la <strong>semaine de 4 jours<\/strong>. \u00c0 titre d&rsquo;exemple, <strong>Valence (26)<\/strong> a lanc\u00e9 un pilote sur 8 \u00e9coles primaires, tandis que <strong>Bayonne (64)<\/strong> a choisi 4 \u00e9coles rurales pour observer l&rsquo;impact sur le <strong>calendrier scolaire<\/strong>. Ces municipalit\u00e9s visent \u00e0 am\u00e9liorer l&rsquo;<strong>enseignement<\/strong> sans r\u00e9duire le volume horaire annuel.<\/p>\n\n<h2 class=\"wp-block-heading\">Organisation pratique pour les familles<\/h2>\n\n<p>Concr\u00e8tement, les journ\u00e9es sont rallong\u00e9es de 30 \u00e0 45 minutes quatre jours par semaine. La commune de <strong>Poitiers (86)<\/strong> a mis en place des activit\u00e9s p\u00e9riscolaires payantes le mercredi matin pour garder l&rsquo;\u00e9quilibre. Les parents doivent anticiper les changements de transport et d&rsquo;accueil p\u00e9riscolaire, et v\u00e9rifier les d\u00e9cisions de la mairie qui g\u00e8re les services.<\/p>\n\n<h3 class=\"wp-block-heading\">B\u00e9n\u00e9fices et risques observ\u00e9s<\/h3>\n\n<p>Les retours des premi\u00e8res semaines montrent un gain de concentration chez les 6-10 ans mais un surco\u00fbt logistique pour certaines petites communes. Les mairies \u00e9valuent les effets sur l&rsquo;absent\u00e9isme et la r\u00e9ussite scolaire. Exemple : \u00e0 <strong>Grenoble (38)<\/strong>, la mairie publie des bilans trimestriels pour ajuster l&rsquo;<strong>\u00e9ducation<\/strong> locale.<\/p>\n\n<h2 class=\"wp-block-heading\">Comment la commune g\u00e8re l\u2019exp\u00e9rimentation<\/h2>\n\n<p>Les municipalit\u00e9s d\u00e9finissent un protocole : consultation des conseils d&rsquo;\u00e9cole, suivi des indicateurs et budgets d\u00e9di\u00e9s. Voici un aper\u00e7u synth\u00e9tique :<\/p>\n\n<figure class=\"wp-block-table\"><table>\n<thead>\n<tr>\n<th>Commune<\/th>\n<th>Nombre d&rsquo;\u00e9coles<\/th>\n<th>Statut<\/th>\n<\/tr>\n<\/thead>\n<tbody>\n<tr>\n<td><strong>Valence (26)<\/strong><\/td>\n<td>8<\/td>\n<td>Exp\u00e9rimentation confirm\u00e9e<\/td>\n<\/tr>\n<tr>\n<td><strong>Bayonne (64)<\/strong><\/td>\n<td>4<\/td>\n<td>Phase pilote<\/td>\n<\/tr>\n<tr>\n<td><strong>Poitiers (86)<\/strong><\/td>\n<td>6<\/td>\n<td>\u00c9valuation trimestrielle<\/td>\n<\/tr>\n<\/tbody>\n<\/table><\/figure>\n\n<ul class=\"wp-block-list\"><li>Consulte la convocation du conseil d&rsquo;\u00e9cole pour conna\u00eetre les horaires exacts.<\/li><li>V\u00e9rifie l&rsquo;offre p\u00e9riscolaire et les modalit\u00e9s d&rsquo;inscription.<\/li><li>Signale tout probl\u00e8me de voirie pour la s\u00e9curit\u00e9 autour des \u00e9coles via <a href=\"https:\/\/mairies-online.com\/blog\/signaler-probleme-voirie\/\">la proc\u00e9dure de signalement<\/a>.<\/li><\/ul>\n\n<p>Besoin d&rsquo;infos administratives avant de t&rsquo;organiser ? V\u00e9rifie les d\u00e9lais pour les papiers d&rsquo;identit\u00e9 ou d\u00e9marches \u00e0 la mairie via <a href=\"https:\/\/mairies-online.com\/blog\/cni-passeport-attente-mairie\/\">les d\u00e9marches CNI\/passeport<\/a> et d\u00e9couvre comment la mairie peut aider en 48h sur <a href=\"https:\/\/mairies-online.com\/blog\/aide-mairie-48h\/\">le dispositif d&rsquo;aide<\/a>.<\/p>\n\n<script type=\"application\/ld+json\">\n{\"@context\":\"https:\/\/schema.org\",\"@type\":\"FAQPage\",\"mainEntity\":[{\"@type\":\"Question\",\"name\":\"Qui du00e9cide du passage u00e0 la semaine de 4 jours ?\",\"acceptedAnswer\":{\"@type\":\"Answer\",\"text\":\"Cu2019est la commune, apru00e8s consultation du conseil du2019u00e9cole et avis de lu2019inspection acadu00e9mique. La du00e9cision est municipale et doit u00eatre motivu00e9e par un protocole pru00e9cis.\"}},{\"@type\":\"Question\",\"name\":\"Les heures du2019enseignement sont-elles ru00e9duites ?\",\"acceptedAnswer\":{\"@type\":\"Answer\",\"text\":\"Non : lu2019objectif est de ru00e9partir les heures diffu00e9remment pour conserver le volume horaire annuel et pru00e9server lu2019<strong>enseignement<\/strong>.\"}},{\"@type\":\"Question\",\"name\":\"Puis-je contester la mesure ?\",\"acceptedAnswer\":{\"@type\":\"Answer\",\"text\":\"Oui, en participant au conseil du2019u00e9cole ou en contactant ta mairie pour demander une ru00e9union publique ou des ajustements locaux.\"}}]}\n<\/script>\n<h3>Qui d\u00e9cide du passage \u00e0 la semaine de 4 jours ?<\/h3>\n<p>C\u2019est la commune, apr\u00e8s consultation du conseil d\u2019\u00e9cole et avis de l\u2019inspection acad\u00e9mique. La d\u00e9cision est municipale et doit \u00eatre motiv\u00e9e par un protocole pr\u00e9cis.<\/p>\n<h3>Les heures d\u2019enseignement sont-elles r\u00e9duites ?<\/h3>\n<p>Non : l\u2019objectif est de r\u00e9partir les heures diff\u00e9remment pour conserver le volume horaire annuel et pr\u00e9server l\u2019<strong>enseignement<\/strong>.<\/p>\n<h3>Puis-je contester la mesure ?<\/h3>\n<p>Oui, en participant au conseil d\u2019\u00e9cole ou en contactant ta mairie pour demander une r\u00e9union publique ou des ajustements locaux.<\/p>\n\n<p>Pour conna\u00eetre pr\u00e9cis\u00e9ment la situation de ta commune et les horaires appliqu\u00e9s \u00e0 ton \u00e9cole, rends-toi sur <a href=\"https:\/\/mairies-online.com\/blog\/signaler-probleme-voirie\/\">mairies-online.com<\/a> ou contacte directement ta mairie : tu y trouveras les arr\u00eat\u00e9s, r\u00e9unions et contacts utiles.<\/p>\n\n","protected":false},"excerpt":{"rendered":"<p>Tu veux savoir quelles communes testent la semaine de 4 jours \u00e0 l&rsquo;\u00e9cole en 2026 ? D\u00e8s la rentr\u00e9e 2026, plusieurs municipalit\u00e9s fran\u00e7aises lancent des exp\u00e9rimentations locales pour adapter les rythmes scolaires et le calendrier scolaire. Voici un \u00e9tat des lieux pratique, avec exemples concrets et d\u00e9marches utiles pour les parents. Quelles communes ont test\u00e9 &#8230; <a title=\"Les communes qui testent la semaine de 4 jours \u00e0 l&rsquo;\u00e9cole en 2026\" class=\"read-more\" href=\"https:\/\/mairies-online.com\/blog\/communes-semaine-4-jours-2026\/\" aria-label=\"En savoir plus sur Les communes qui testent la semaine de 4 jours \u00e0 l&rsquo;\u00e9cole en 2026\">Lire la suite<\/a><\/p>\n","protected":false},"author":6,"featured_media":8789,"comment_status":"","ping_status":"","sticky":false,"template":"","format":"standard","meta":{"footnotes":""},"categories":[1],"tags":[24078,19137,24208,24207],"class_list":["post-8790","post","type-post","status-publish","format-standard","has-post-thumbnail","hentry","category-actualites","tag-communes","tag-ecole","tag-reforme-scolaire","tag-semaine-de-4-jours"],"yoast_head":"<!-- This site is optimized with the Yoast SEO plugin v27.5 - https:\/\/yoast.com\/product\/yoast-seo-wordpress\/ -->\n<title>Les communes qui testent la semaine de 4 jours \u00e0 l&#039;\u00e9cole en 2026 -<\/title>\n<meta name=\"description\" content=\"D\u00e9couvrez quelles communes exp\u00e9rimentent la semaine de 4 jours \u00e0 l&#039;\u00e9cole en 2026 pour am\u00e9liorer le rythme scolaire et le bien-\u00eatre des \u00e9l\u00e8ves.\" \/>\n<meta name=\"robots\" content=\"index, follow, max-snippet:-1, max-image-preview:large, max-video-preview:-1\" \/>\n<link rel=\"canonical\" href=\"https:\/\/mairies-online.com\/blog\/communes-semaine-4-jours-2026\/\" \/>\n<meta property=\"og:locale\" content=\"fr_FR\" \/>\n<meta property=\"og:type\" content=\"article\" \/>\n<meta property=\"og:title\" content=\"Les communes qui testent la semaine de 4 jours \u00e0 l&#039;\u00e9cole en 2026 -\" \/>\n<meta property=\"og:description\" content=\"D\u00e9couvrez quelles communes exp\u00e9rimentent la semaine de 4 jours \u00e0 l&#039;\u00e9cole en 2026 pour am\u00e9liorer le rythme scolaire et le bien-\u00eatre des \u00e9l\u00e8ves.\" \/>\n<meta property=\"og:url\" content=\"https:\/\/mairies-online.com\/blog\/communes-semaine-4-jours-2026\/\" \/>\n<meta property=\"article:published_time\" content=\"2026-04-10T13:49:59+00:00\" \/>\n<meta property=\"og:image\" content=\"https:\/\/mairies-online.com\/blog\/wp-content\/uploads\/2026\/04\/Les-communes-qui-testent-la-semaine-de-4-jours-a-lecole-en-2026.jpg\" \/>\n\t<meta property=\"og:image:width\" content=\"1920\" \/>\n\t<meta property=\"og:image:height\" content=\"1072\" \/>\n\t<meta property=\"og:image:type\" content=\"image\/jpeg\" \/>\n<meta name=\"author\" content=\"Adam Fontaine\" \/>\n<meta name=\"twitter:card\" content=\"summary_large_image\" \/>\n<meta name=\"twitter:label1\" content=\"\u00c9crit par\" \/>\n\t<meta name=\"twitter:data1\" content=\"Adam Fontaine\" \/>\n\t<meta name=\"twitter:label2\" content=\"Dur\u00e9e de lecture estim\u00e9e\" \/>\n\t<meta name=\"twitter:data2\" content=\"3 minutes\" \/>\n<script type=\"application\/ld+json\" class=\"yoast-schema-graph\">{\"@context\":\"https:\\\/\\\/schema.org\",\"@graph\":[{\"@type\":\"Article\",\"@id\":\"https:\\\/\\\/mairies-online.com\\\/blog\\\/communes-semaine-4-jours-2026\\\/#article\",\"isPartOf\":{\"@id\":\"https:\\\/\\\/mairies-online.com\\\/blog\\\/communes-semaine-4-jours-2026\\\/\"},\"author\":{\"name\":\"Adam Fontaine\",\"@id\":\"https:\\\/\\\/mairies-online.com\\\/blog\\\/#\\\/schema\\\/person\\\/097040a69656d16bed374eff911b37d7\",\"@type\":\"Person\"},\"headline\":\"Les communes qui testent la semaine de 4 jours \u00e0 l&rsquo;\u00e9cole en 2026\",\"datePublished\":\"2026-04-10T13:49:59+00:00\",\"mainEntityOfPage\":{\"@id\":\"https:\\\/\\\/mairies-online.com\\\/blog\\\/communes-semaine-4-jours-2026\\\/\"},\"wordCount\":552,\"image\":{\"@id\":\"https:\\\/\\\/mairies-online.com\\\/blog\\\/communes-semaine-4-jours-2026\\\/#primaryimage\"},\"thumbnailUrl\":\"https:\\\/\\\/mairies-online.com\\\/blog\\\/wp-content\\\/uploads\\\/2026\\\/04\\\/Les-communes-qui-testent-la-semaine-de-4-jours-a-lecole-en-2026.jpg\",\"keywords\":[\"communes\",\"\u00e9cole\",\"r\u00e9forme scolaire\",\"semaine de 4 jours\"],\"articleSection\":[\"Actualit\u00e9s\"],\"inLanguage\":\"fr-FR\",\"isAccessibleForFree\":true,\"dateModified\":\"2026-04-10T13:49:59+00:00\"},{\"@type\":\"WebPage\",\"@id\":\"https:\\\/\\\/mairies-online.com\\\/blog\\\/communes-semaine-4-jours-2026\\\/\",\"url\":\"https:\\\/\\\/mairies-online.com\\\/blog\\\/communes-semaine-4-jours-2026\\\/\",\"name\":\"Les communes qui testent la semaine de 4 jours \u00e0 l'\u00e9cole en 2026 -\",\"isPartOf\":{\"@id\":\"https:\\\/\\\/mairies-online.com\\\/blog\\\/#website\"},\"primaryImageOfPage\":{\"@id\":\"https:\\\/\\\/mairies-online.com\\\/blog\\\/communes-semaine-4-jours-2026\\\/#primaryimage\"},\"image\":{\"@id\":\"https:\\\/\\\/mairies-online.com\\\/blog\\\/communes-semaine-4-jours-2026\\\/#primaryimage\"},\"thumbnailUrl\":\"https:\\\/\\\/mairies-online.com\\\/blog\\\/wp-content\\\/uploads\\\/2026\\\/04\\\/Les-communes-qui-testent-la-semaine-de-4-jours-a-lecole-en-2026.jpg\",\"datePublished\":\"2026-04-10T13:49:59+00:00\",\"author\":{\"@id\":\"https:\\\/\\\/mairies-online.com\\\/blog\\\/#\\\/schema\\\/person\\\/097040a69656d16bed374eff911b37d7\"},\"description\":\"D\u00e9couvrez quelles communes exp\u00e9rimentent la semaine de 4 jours \u00e0 l'\u00e9cole en 2026 pour am\u00e9liorer le rythme scolaire et le bien-\u00eatre des \u00e9l\u00e8ves.\",\"breadcrumb\":{\"@id\":\"https:\\\/\\\/mairies-online.com\\\/blog\\\/communes-semaine-4-jours-2026\\\/#breadcrumb\"},\"inLanguage\":\"fr-FR\",\"potentialAction\":[{\"@type\":\"ReadAction\",\"target\":[\"https:\\\/\\\/mairies-online.com\\\/blog\\\/communes-semaine-4-jours-2026\\\/\"]}]},{\"@type\":\"ImageObject\",\"inLanguage\":\"fr-FR\",\"@id\":\"https:\\\/\\\/mairies-online.com\\\/blog\\\/communes-semaine-4-jours-2026\\\/#primaryimage\",\"url\":\"https:\\\/\\\/mairies-online.com\\\/blog\\\/wp-content\\\/uploads\\\/2026\\\/04\\\/Les-communes-qui-testent-la-semaine-de-4-jours-a-lecole-en-2026.jpg\",\"contentUrl\":\"https:\\\/\\\/mairies-online.com\\\/blog\\\/wp-content\\\/uploads\\\/2026\\\/04\\\/Les-communes-qui-testent-la-semaine-de-4-jours-a-lecole-en-2026.jpg\",\"width\":1920,\"height\":1072,\"caption\":\"d\u00e9couvrez quelles communes exp\u00e9rimenteront la semaine de 4 jours \u00e0 l'\u00e9cole d\u00e8s 2026 et les impacts attendus sur l'organisation scolaire et le bien-\u00eatre des \u00e9l\u00e8ves.\"},{\"@type\":\"BreadcrumbList\",\"@id\":\"https:\\\/\\\/mairies-online.com\\\/blog\\\/communes-semaine-4-jours-2026\\\/#breadcrumb\",\"itemListElement\":[{\"@type\":\"ListItem\",\"position\":1,\"name\":\"Home\",\"item\":\"https:\\\/\\\/mairies-online.com\\\/blog\\\/\"},{\"@type\":\"ListItem\",\"position\":2,\"name\":\"Les communes qui testent la semaine de 4 jours \u00e0 l&rsquo;\u00e9cole en 2026\"}]},{\"@type\":\"WebSite\",\"@id\":\"https:\\\/\\\/mairies-online.com\\\/blog\\\/#website\",\"url\":\"https:\\\/\\\/mairies-online.com\\\/blog\\\/\",\"name\":\"\",\"description\":\"\",\"potentialAction\":[{\"@type\":\"SearchAction\",\"target\":{\"@type\":\"EntryPoint\",\"urlTemplate\":\"https:\\\/\\\/mairies-online.com\\\/blog\\\/?s={search_term_string}\"},\"query-input\":{\"@type\":\"PropertyValueSpecification\",\"valueRequired\":true,\"valueName\":\"search_term_string\"}}],\"inLanguage\":\"fr-FR\"},{\"@type\":\"Person\",\"@id\":\"https:\\\/\\\/mairies-online.com\\\/blog\\\/#\\\/schema\\\/person\\\/097040a69656d16bed374eff911b37d7\",\"name\":\"Adam Fontaine\",\"image\":{\"@type\":\"ImageObject\",\"inLanguage\":\"fr-FR\",\"@id\":\"https:\\\/\\\/mairies-online.com\\\/blog\\\/wp-content\\\/uploads\\\/2026\\\/03\\\/user-avatar-96x96.jpg\",\"url\":\"https:\\\/\\\/mairies-online.com\\\/blog\\\/wp-content\\\/uploads\\\/2026\\\/03\\\/user-avatar-96x96.jpg\",\"contentUrl\":\"https:\\\/\\\/mairies-online.com\\\/blog\\\/wp-content\\\/uploads\\\/2026\\\/03\\\/user-avatar-96x96.jpg\",\"caption\":\"Adam Fontaine\"},\"description\":\"Journaliste sp\u00e9cialis\u00e9 en collectivit\u00e9s territoriales et politiques publiques locales depuis plus de 15 ans. Ancien attach\u00e9 territorial, Adam Fontaine couvre l'actualit\u00e9 des mairies, intercommunalit\u00e9s et services publics de proximit\u00e9. Expert en finances locales, urbanisme et action sociale communale, il d\u00e9crypte les dispositifs d'aide, les r\u00e9formes institutionnelles et les enjeux du quotidien des administr\u00e9s. Ses analyses s'appuient sur une connaissance approfondie du terrain et des sources officielles (DGCL, AMF, Cour des comptes). Contributeur r\u00e9gulier de Mairies Online depuis 2019.\",\"url\":\"https:\\\/\\\/mairies-online.com\\\/blog\\\/author\\\/adam-fontaine-48\\\/\"}]}<\/script>\n<!-- \/ Yoast SEO plugin. -->","yoast_head_json":{"title":"Les communes qui testent la semaine de 4 jours \u00e0 l'\u00e9cole en 2026 -","description":"D\u00e9couvrez quelles communes exp\u00e9rimentent la semaine de 4 jours \u00e0 l'\u00e9cole en 2026 pour am\u00e9liorer le rythme scolaire et le bien-\u00eatre des \u00e9l\u00e8ves.","robots":{"index":"index","follow":"follow","max-snippet":"max-snippet:-1","max-image-preview":"max-image-preview:large","max-video-preview":"max-video-preview:-1"},"canonical":"https:\/\/mairies-online.com\/blog\/communes-semaine-4-jours-2026\/","og_locale":"fr_FR","og_type":"article","og_title":"Les communes qui testent la semaine de 4 jours \u00e0 l'\u00e9cole en 2026 -","og_description":"D\u00e9couvrez quelles communes exp\u00e9rimentent la semaine de 4 jours \u00e0 l'\u00e9cole en 2026 pour am\u00e9liorer le rythme scolaire et le bien-\u00eatre des \u00e9l\u00e8ves.","og_url":"https:\/\/mairies-online.com\/blog\/communes-semaine-4-jours-2026\/","article_published_time":"2026-04-10T13:49:59+00:00","og_image":[{"width":1920,"height":1072,"url":"https:\/\/mairies-online.com\/blog\/wp-content\/uploads\/2026\/04\/Les-communes-qui-testent-la-semaine-de-4-jours-a-lecole-en-2026.jpg","type":"image\/jpeg"}],"author":"Adam Fontaine","twitter_card":"summary_large_image","twitter_misc":{"\u00c9crit par":"Adam Fontaine","Dur\u00e9e de lecture estim\u00e9e":"3 minutes"},"schema":{"@context":"https:\/\/schema.org","@graph":[{"@type":"Article","@id":"https:\/\/mairies-online.com\/blog\/communes-semaine-4-jours-2026\/#article","isPartOf":{"@id":"https:\/\/mairies-online.com\/blog\/communes-semaine-4-jours-2026\/"},"author":{"name":"Adam Fontaine","@id":"https:\/\/mairies-online.com\/blog\/#\/schema\/person\/097040a69656d16bed374eff911b37d7","@type":"Person"},"headline":"Les communes qui testent la semaine de 4 jours \u00e0 l&rsquo;\u00e9cole en 2026","datePublished":"2026-04-10T13:49:59+00:00","mainEntityOfPage":{"@id":"https:\/\/mairies-online.com\/blog\/communes-semaine-4-jours-2026\/"},"wordCount":552,"image":{"@id":"https:\/\/mairies-online.com\/blog\/communes-semaine-4-jours-2026\/#primaryimage"},"thumbnailUrl":"https:\/\/mairies-online.com\/blog\/wp-content\/uploads\/2026\/04\/Les-communes-qui-testent-la-semaine-de-4-jours-a-lecole-en-2026.jpg","keywords":["communes","\u00e9cole","r\u00e9forme scolaire","semaine de 4 jours"],"articleSection":["Actualit\u00e9s"],"inLanguage":"fr-FR","isAccessibleForFree":true,"dateModified":"2026-04-10T13:49:59+00:00"},{"@type":"WebPage","@id":"https:\/\/mairies-online.com\/blog\/communes-semaine-4-jours-2026\/","url":"https:\/\/mairies-online.com\/blog\/communes-semaine-4-jours-2026\/","name":"Les communes qui testent la semaine de 4 jours \u00e0 l'\u00e9cole en 2026 -","isPartOf":{"@id":"https:\/\/mairies-online.com\/blog\/#website"},"primaryImageOfPage":{"@id":"https:\/\/mairies-online.com\/blog\/communes-semaine-4-jours-2026\/#primaryimage"},"image":{"@id":"https:\/\/mairies-online.com\/blog\/communes-semaine-4-jours-2026\/#primaryimage"},"thumbnailUrl":"https:\/\/mairies-online.com\/blog\/wp-content\/uploads\/2026\/04\/Les-communes-qui-testent-la-semaine-de-4-jours-a-lecole-en-2026.jpg","datePublished":"2026-04-10T13:49:59+00:00","author":{"@id":"https:\/\/mairies-online.com\/blog\/#\/schema\/person\/097040a69656d16bed374eff911b37d7"},"description":"D\u00e9couvrez quelles communes exp\u00e9rimentent la semaine de 4 jours \u00e0 l'\u00e9cole en 2026 pour am\u00e9liorer le rythme scolaire et le bien-\u00eatre des \u00e9l\u00e8ves.","breadcrumb":{"@id":"https:\/\/mairies-online.com\/blog\/communes-semaine-4-jours-2026\/#breadcrumb"},"inLanguage":"fr-FR","potentialAction":[{"@type":"ReadAction","target":["https:\/\/mairies-online.com\/blog\/communes-semaine-4-jours-2026\/"]}]},{"@type":"ImageObject","inLanguage":"fr-FR","@id":"https:\/\/mairies-online.com\/blog\/communes-semaine-4-jours-2026\/#primaryimage","url":"https:\/\/mairies-online.com\/blog\/wp-content\/uploads\/2026\/04\/Les-communes-qui-testent-la-semaine-de-4-jours-a-lecole-en-2026.jpg","contentUrl":"https:\/\/mairies-online.com\/blog\/wp-content\/uploads\/2026\/04\/Les-communes-qui-testent-la-semaine-de-4-jours-a-lecole-en-2026.jpg","width":1920,"height":1072,"caption":"d\u00e9couvrez quelles communes exp\u00e9rimenteront la semaine de 4 jours \u00e0 l'\u00e9cole d\u00e8s 2026 et les impacts attendus sur l'organisation scolaire et le bien-\u00eatre des \u00e9l\u00e8ves."},{"@type":"BreadcrumbList","@id":"https:\/\/mairies-online.com\/blog\/communes-semaine-4-jours-2026\/#breadcrumb","itemListElement":[{"@type":"ListItem","position":1,"name":"Home","item":"https:\/\/mairies-online.com\/blog\/"},{"@type":"ListItem","position":2,"name":"Les communes qui testent la semaine de 4 jours \u00e0 l&rsquo;\u00e9cole en 2026"}]},{"@type":"WebSite","@id":"https:\/\/mairies-online.com\/blog\/#website","url":"https:\/\/mairies-online.com\/blog\/","name":"","description":"","potentialAction":[{"@type":"SearchAction","target":{"@type":"EntryPoint","urlTemplate":"https:\/\/mairies-online.com\/blog\/?s={search_term_string}"},"query-input":{"@type":"PropertyValueSpecification","valueRequired":true,"valueName":"search_term_string"}}],"inLanguage":"fr-FR"},{"@type":"Person","@id":"https:\/\/mairies-online.com\/blog\/#\/schema\/person\/097040a69656d16bed374eff911b37d7","name":"Adam Fontaine","image":{"@type":"ImageObject","inLanguage":"fr-FR","@id":"https:\/\/mairies-online.com\/blog\/wp-content\/uploads\/2026\/03\/user-avatar-96x96.jpg","url":"https:\/\/mairies-online.com\/blog\/wp-content\/uploads\/2026\/03\/user-avatar-96x96.jpg","contentUrl":"https:\/\/mairies-online.com\/blog\/wp-content\/uploads\/2026\/03\/user-avatar-96x96.jpg","caption":"Adam Fontaine"},"description":"Journaliste sp\u00e9cialis\u00e9 en collectivit\u00e9s territoriales et politiques publiques locales depuis plus de 15 ans. Ancien attach\u00e9 territorial, Adam Fontaine couvre l'actualit\u00e9 des mairies, intercommunalit\u00e9s et services publics de proximit\u00e9. Expert en finances locales, urbanisme et action sociale communale, il d\u00e9crypte les dispositifs d'aide, les r\u00e9formes institutionnelles et les enjeux du quotidien des administr\u00e9s. Ses analyses s'appuient sur une connaissance approfondie du terrain et des sources officielles (DGCL, AMF, Cour des comptes). Contributeur r\u00e9gulier de Mairies Online depuis 2019.","url":"https:\/\/mairies-online.com\/blog\/author\/adam-fontaine-48\/"}]}},"views":449,"_links":{"self":[{"href":"https:\/\/mairies-online.com\/blog\/wp-json\/wp\/v2\/posts\/8790","targetHints":{"allow":["GET"]}}],"collection":[{"href":"https:\/\/mairies-online.com\/blog\/wp-json\/wp\/v2\/posts"}],"about":[{"href":"https:\/\/mairies-online.com\/blog\/wp-json\/wp\/v2\/types\/post"}],"author":[{"embeddable":true,"href":"https:\/\/mairies-online.com\/blog\/wp-json\/wp\/v2\/users\/6"}],"replies":[{"embeddable":true,"href":"https:\/\/mairies-online.com\/blog\/wp-json\/wp\/v2\/comments?post=8790"}],"version-history":[{"count":0,"href":"https:\/\/mairies-online.com\/blog\/wp-json\/wp\/v2\/posts\/8790\/revisions"}],"wp:featuredmedia":[{"embeddable":true,"href":"https:\/\/mairies-online.com\/blog\/wp-json\/wp\/v2\/media\/8789"}],"wp:attachment":[{"href":"https:\/\/mairies-online.com\/blog\/wp-json\/wp\/v2\/media?parent=8790"}],"wp:term":[{"taxonomy":"category","embeddable":true,"href":"https:\/\/mairies-online.com\/blog\/wp-json\/wp\/v2\/categories?post=8790"},{"taxonomy":"post_tag","embeddable":true,"href":"https:\/\/mairies-online.com\/blog\/wp-json\/wp\/v2\/tags?post=8790"}],"curies":[{"name":"wp","href":"https:\/\/api.w.org\/{rel}","templated":true}]}}