{"id":8786,"date":"2026-04-09T21:03:44","date_gmt":"2026-04-09T21:03:44","guid":{"rendered":"https:\/\/mairies-online.com\/blog\/maires-friches-parcs\/"},"modified":"2026-04-09T21:03:44","modified_gmt":"2026-04-09T21:03:44","slug":"maires-friches-parcs","status":"publish","type":"post","link":"https:\/\/mairies-online.com\/blog\/maires-friches-parcs\/","title":{"rendered":"Ces maires qui ont transform\u00e9 des friches en parcs pour les habitants"},"content":{"rendered":"<p>Tu veux savoir comment des maires ont transform\u00e9 des friches en parcs pour les habitants? Ce reportage pratique d\u00e9taille les m\u00e9thodes, les co\u00fbts techniques et les b\u00e9n\u00e9fices concrets vus \u00e0 <strong>Lyon<\/strong>, <strong>Rouen<\/strong> et <strong>Rennes<\/strong>, avec chiffres et solutions r\u00e9elles.<\/p>\n\n<ul class=\"wp-block-list\"><li><strong>En bref<\/strong> : r\u00e9habilitation = d\u00e9pollution + am\u00e9nagement.<\/li><li><strong>Impact<\/strong> : \u00eelots de fra\u00eecheur (-2\u00b0C en moyenne) et activit\u00e9 commerciale relanc\u00e9e.<\/li><li><strong>Techniques<\/strong> : sur\u00e9l\u00e9vation, confinement, gestion des eaux pluviales.<\/li><li><strong>Chiffres<\/strong> : 30 ha \u00e0 Rennes, 160 000 arbres plant\u00e9s \u00e0 Rouen (ensemble), Parc Z\u00e9nith inaugur\u00e9 en 2018.<\/li><\/ul>\n\n<h2 class=\"wp-block-heading\">Pourquoi les maires choisissent la transformation des friches<\/h2>\n\n<p>Comme adjoint au service urbanisme je l\u2019ai vu : la pression fonci\u00e8re pousse les communes \u00e0 recycler l\u2019existant plut\u00f4t qu\u2019\u00e0 grignoter les champs. <strong>UrbanVitaliz<\/strong> a soutenu des centaines de projets depuis 2021, preuve d\u2019une volont\u00e9 politique concr\u00e8te. Les maires obtiennent des parcs qui r\u00e9duisent l\u2019imperm\u00e9abilisation, cr\u00e9ent des liaisons douces et offrent des espaces verts accessibles.<\/p>\n\n<h2 class=\"wp-block-heading\">Trois exemples concrets et techniques<\/h2>\n\n<p>\u00c0 <strong>Lyon<\/strong>, le Parc Z\u00e9nith (site RVI-Feuillat) a ouvert en 2018 apr\u00e8s d\u00e9pollution et accueille une biblioth\u00e8que et \u00e9coles dans des ateliers r\u00e9habilit\u00e9s. \u00c0 <strong>Rouen<\/strong>, la presqu\u2019\u00cele Rollet a vu la plantation de <strong>160 000 arbres<\/strong> dont <strong>47 000 arbustes<\/strong> et la restauration des berges. \u00c0 <strong>Rennes<\/strong>, les Prairies Saint\u2011Martin couvrent <strong>30 hectares<\/strong> avec une r\u00e9serve humide importante. Pour plus d\u2019outils m\u00e9thodologiques, consulte <a href=\"https:\/\/www.cerema.fr\/fr\/actualites\/rehabiliter-friches-opportunites-methodologie\" rel=\"nofollow\">la m\u00e9thodologie du Cerema<\/a>.<\/p>\n\n<h2 class=\"wp-block-heading\">Enjeux techniques : d\u00e9pollution et gestion de l\u2019eau<\/h2>\n\n<p>Le premier d\u00e9fi reste la nature des sols : analyses pr\u00e9alables, confinement ou enl\u00e8vement des polluants. Certaines communes choisissent d\u2019enfouir les contaminants sous une butte v\u00e9g\u00e9tale, d\u2019autres sur\u00e9l\u00e8vent des jardins pour prot\u00e9ger la culture. La gestion des eaux pluviales est centrale : \u00e0 Lyon, le plan d\u2019eau absorbe les \u00e9coulements du parc et des \u00e9quipements voisins, limitant les ruissellements vers la Seine.<\/p>\n\n<h3 class=\"wp-block-heading\">Impact pour la communaut\u00e9 et l\u2019urbanisme local<\/h3>\n\n<p>Ces parcs deviennent rapidement des lieux de vie : animation des commerces, \u00e9ducation \u00e0 la nature et pause fra\u00eecheur pour les habitants. La pression sociale pousse les maires \u00e0 prioriser la naturalisation pour freiner l\u2019\u00e9talement urbain. Des articles r\u00e9cents montrent aussi des politiques locales qui favorisent ce recyclage plut\u00f4t que la consommation de terres agricoles.<\/p>\n\n<figure class=\"wp-block-table\"><table>\n<thead>\n<tr>\n<th>Site<\/th>\n<th>Ann\u00e9e d&rsquo;ouverture<\/th>\n<th>Superficie<\/th>\n<th>Caract\u00e9ristique<\/th>\n<\/tr>\n<\/thead>\n<tbody>\n<tr>\n<td><strong>Parc Z\u00e9nith (Lyon)<\/strong><\/td>\n<td>2018<\/td>\n<td>\u2014<\/td>\n<td>Campus naturel, d\u00e9pollution<\/td>\n<\/tr>\n<tr>\n<td><strong>Presqu\u2019\u00cele Rollet (Rouen)<\/strong><\/td>\n<td>2019<\/td>\n<td>\u2014<\/td>\n<td>160 000 arbres, berges restaur\u00e9es<\/td>\n<\/tr>\n<tr>\n<td><strong>Prairies Saint\u2011Martin (Rennes)<\/strong><\/td>\n<td>2019-2022<\/td>\n<td>30 ha<\/td>\n<td>r\u00e9serve humide, gestion des crues<\/td>\n<\/tr>\n<\/tbody>\n<\/table><\/figure>\n\n<p>Tu veux savoir ce que pr\u00e9pare ta commune ou contacter ton maire pour lancer une transformation? Trouve toutes les informations locales et les contacts officiels sur <a href=\"https:\/\/mairies-online.com\" rel=\"nofollow\">mairies-online.com<\/a> et commence le dialogue avec ton \u00e9quipe municipale.<\/p>\n\n<script type=\"application\/ld+json\">\n{\"@context\":\"https:\/\/schema.org\",\"@type\":\"FAQPage\",\"mainEntity\":[{\"@type\":\"Question\",\"name\":\"Quelles u00e9tudes pru00e9alables pour ru00e9habiliter une friche ?\",\"acceptedAnswer\":{\"@type\":\"Answer\",\"text\":\"Des campagnes de pru00e9lu00e8vements et une cartographie des risques sont indispensables avant tout amu00e9nagement.\"}},{\"@type\":\"Question\",\"name\":\"Combien cou00fbte la transformation ?\",\"acceptedAnswer\":{\"@type\":\"Answer\",\"text\":\"Le cou00fbt varie selon la pollution et la surface : la du00e9pollution peut repru00e9senter une part significative du budget, u00e0 budgeter du00e8s la phase du2019u00e9tudes.\"}},{\"@type\":\"Question\",\"name\":\"Quels bu00e9nu00e9fices pour la santu00e9 publique ?\",\"acceptedAnswer\":{\"@type\":\"Answer\",\"text\":\"Plus de vu00e9gu00e9tal amu00e9liore la qualitu00e9 de lu2019air, cru00e9e des u00eelots de frau00eecheur et favorise lu2019activitu00e9 physique, bu00e9nu00e9fices mesuru00e9s par plusieurs suivis locaux.\"}}]}\n<\/script>\n<h3>Quelles \u00e9tudes pr\u00e9alables pour r\u00e9habiliter une friche ?<\/h3>\n<p>Des campagnes de pr\u00e9l\u00e8vements et une cartographie des risques sont indispensables avant tout am\u00e9nagement.<\/p>\n<h3>Combien co\u00fbte la transformation ?<\/h3>\n<p>Le co\u00fbt varie selon la pollution et la surface : la d\u00e9pollution peut repr\u00e9senter une part significative du budget, \u00e0 budgeter d\u00e8s la phase d\u2019\u00e9tudes.<\/p>\n<h3>Quels b\u00e9n\u00e9fices pour la sant\u00e9 publique ?<\/h3>\n<p>Plus de v\u00e9g\u00e9tal am\u00e9liore la qualit\u00e9 de l\u2019air, cr\u00e9e des \u00eelots de fra\u00eecheur et favorise l\u2019activit\u00e9 physique, b\u00e9n\u00e9fices mesur\u00e9s par plusieurs suivis locaux.<\/p>\n\n","protected":false},"excerpt":{"rendered":"<p>Tu veux savoir comment des maires ont transform\u00e9 des friches en parcs pour les habitants? Ce reportage pratique d\u00e9taille les m\u00e9thodes, les co\u00fbts techniques et les b\u00e9n\u00e9fices concrets vus \u00e0 Lyon, Rouen et Rennes, avec chiffres et solutions r\u00e9elles. Pourquoi les maires choisissent la transformation des friches Comme adjoint au service urbanisme je l\u2019ai vu &#8230; <a title=\"Ces maires qui ont transform\u00e9 des friches en parcs pour les habitants\" class=\"read-more\" href=\"https:\/\/mairies-online.com\/blog\/maires-friches-parcs\/\" aria-label=\"En savoir plus sur Ces maires qui ont transform\u00e9 des friches en parcs pour les habitants\">Lire la suite<\/a><\/p>\n","protected":false},"author":6,"featured_media":8785,"comment_status":"","ping_status":"","sticky":false,"template":"","format":"standard","meta":{"footnotes":""},"categories":[1],"tags":[24201,24199,24146,24202,24200],"class_list":["post-8786","post","type-post","status-publish","format-standard","has-post-thumbnail","hentry","category-actualites","tag-espaces-verts","tag-friches-industrielles","tag-maires","tag-parcs-publics","tag-transformation-urbaine"],"yoast_head":"<!-- This site is optimized with the Yoast SEO plugin v27.5 - https:\/\/yoast.com\/product\/yoast-seo-wordpress\/ -->\n<title>Ces maires qui ont transform\u00e9 des friches en parcs pour les habitants -<\/title>\n<meta name=\"description\" content=\"D\u00e9couvrez comment ces maires ont revitalis\u00e9 des friches en parcs conviviaux, offrant aux habitants des espaces verts et de d\u00e9tente.\" \/>\n<meta name=\"robots\" content=\"index, follow, max-snippet:-1, max-image-preview:large, max-video-preview:-1\" \/>\n<link rel=\"canonical\" href=\"https:\/\/mairies-online.com\/blog\/maires-friches-parcs\/\" \/>\n<meta property=\"og:locale\" content=\"fr_FR\" \/>\n<meta property=\"og:type\" content=\"article\" \/>\n<meta property=\"og:title\" content=\"Ces maires qui ont transform\u00e9 des friches en parcs pour les habitants -\" \/>\n<meta property=\"og:description\" content=\"D\u00e9couvrez comment ces maires ont revitalis\u00e9 des friches en parcs conviviaux, offrant aux habitants des espaces verts et de d\u00e9tente.\" \/>\n<meta property=\"og:url\" content=\"https:\/\/mairies-online.com\/blog\/maires-friches-parcs\/\" \/>\n<meta property=\"article:published_time\" content=\"2026-04-09T21:03:44+00:00\" \/>\n<meta property=\"og:image\" content=\"https:\/\/mairies-online.com\/blog\/wp-content\/uploads\/2026\/04\/Ces-maires-qui-ont-transforme-des-friches-en-parcs-pour-les-habitants.jpg\" \/>\n\t<meta property=\"og:image:width\" content=\"1920\" \/>\n\t<meta property=\"og:image:height\" content=\"1072\" \/>\n\t<meta property=\"og:image:type\" content=\"image\/jpeg\" \/>\n<meta name=\"author\" content=\"Adam Fontaine\" \/>\n<meta name=\"twitter:card\" content=\"summary_large_image\" \/>\n<meta name=\"twitter:label1\" content=\"\u00c9crit par\" \/>\n\t<meta name=\"twitter:data1\" content=\"Adam Fontaine\" \/>\n\t<meta name=\"twitter:label2\" content=\"Dur\u00e9e de lecture estim\u00e9e\" \/>\n\t<meta name=\"twitter:data2\" content=\"3 minutes\" \/>\n<script type=\"application\/ld+json\" class=\"yoast-schema-graph\">{\"@context\":\"https:\\\/\\\/schema.org\",\"@graph\":[{\"@type\":\"Article\",\"@id\":\"https:\\\/\\\/mairies-online.com\\\/blog\\\/maires-friches-parcs\\\/#article\",\"isPartOf\":{\"@id\":\"https:\\\/\\\/mairies-online.com\\\/blog\\\/maires-friches-parcs\\\/\"},\"author\":{\"name\":\"Adam Fontaine\",\"@id\":\"https:\\\/\\\/mairies-online.com\\\/blog\\\/#\\\/schema\\\/person\\\/097040a69656d16bed374eff911b37d7\",\"@type\":\"Person\"},\"headline\":\"Ces maires qui ont transform\u00e9 des friches en parcs pour les habitants\",\"datePublished\":\"2026-04-09T21:03:44+00:00\",\"mainEntityOfPage\":{\"@id\":\"https:\\\/\\\/mairies-online.com\\\/blog\\\/maires-friches-parcs\\\/\"},\"wordCount\":560,\"image\":{\"@id\":\"https:\\\/\\\/mairies-online.com\\\/blog\\\/maires-friches-parcs\\\/#primaryimage\"},\"thumbnailUrl\":\"https:\\\/\\\/mairies-online.com\\\/blog\\\/wp-content\\\/uploads\\\/2026\\\/04\\\/Ces-maires-qui-ont-transforme-des-friches-en-parcs-pour-les-habitants.jpg\",\"keywords\":[\"espaces verts\",\"friches industrielles\",\"maires\",\"parcs publics\",\"transformation urbaine\"],\"articleSection\":[\"Actualit\u00e9s\"],\"inLanguage\":\"fr-FR\",\"isAccessibleForFree\":true,\"dateModified\":\"2026-04-09T21:03:44+00:00\"},{\"@type\":\"WebPage\",\"@id\":\"https:\\\/\\\/mairies-online.com\\\/blog\\\/maires-friches-parcs\\\/\",\"url\":\"https:\\\/\\\/mairies-online.com\\\/blog\\\/maires-friches-parcs\\\/\",\"name\":\"Ces maires qui ont transform\u00e9 des friches en parcs pour les habitants -\",\"isPartOf\":{\"@id\":\"https:\\\/\\\/mairies-online.com\\\/blog\\\/#website\"},\"primaryImageOfPage\":{\"@id\":\"https:\\\/\\\/mairies-online.com\\\/blog\\\/maires-friches-parcs\\\/#primaryimage\"},\"image\":{\"@id\":\"https:\\\/\\\/mairies-online.com\\\/blog\\\/maires-friches-parcs\\\/#primaryimage\"},\"thumbnailUrl\":\"https:\\\/\\\/mairies-online.com\\\/blog\\\/wp-content\\\/uploads\\\/2026\\\/04\\\/Ces-maires-qui-ont-transforme-des-friches-en-parcs-pour-les-habitants.jpg\",\"datePublished\":\"2026-04-09T21:03:44+00:00\",\"author\":{\"@id\":\"https:\\\/\\\/mairies-online.com\\\/blog\\\/#\\\/schema\\\/person\\\/097040a69656d16bed374eff911b37d7\"},\"description\":\"D\u00e9couvrez comment ces maires ont revitalis\u00e9 des friches en parcs conviviaux, offrant aux habitants des espaces verts et de d\u00e9tente.\",\"breadcrumb\":{\"@id\":\"https:\\\/\\\/mairies-online.com\\\/blog\\\/maires-friches-parcs\\\/#breadcrumb\"},\"inLanguage\":\"fr-FR\",\"potentialAction\":[{\"@type\":\"ReadAction\",\"target\":[\"https:\\\/\\\/mairies-online.com\\\/blog\\\/maires-friches-parcs\\\/\"]}]},{\"@type\":\"ImageObject\",\"inLanguage\":\"fr-FR\",\"@id\":\"https:\\\/\\\/mairies-online.com\\\/blog\\\/maires-friches-parcs\\\/#primaryimage\",\"url\":\"https:\\\/\\\/mairies-online.com\\\/blog\\\/wp-content\\\/uploads\\\/2026\\\/04\\\/Ces-maires-qui-ont-transforme-des-friches-en-parcs-pour-les-habitants.jpg\",\"contentUrl\":\"https:\\\/\\\/mairies-online.com\\\/blog\\\/wp-content\\\/uploads\\\/2026\\\/04\\\/Ces-maires-qui-ont-transforme-des-friches-en-parcs-pour-les-habitants.jpg\",\"width\":1920,\"height\":1072,\"caption\":\"d\u00e9couvrez comment ces maires ont revitalis\u00e9 des friches en espaces verts accueillants, offrant aux habitants des parcs agr\u00e9ables pour se d\u00e9tendre et se divertir.\"},{\"@type\":\"BreadcrumbList\",\"@id\":\"https:\\\/\\\/mairies-online.com\\\/blog\\\/maires-friches-parcs\\\/#breadcrumb\",\"itemListElement\":[{\"@type\":\"ListItem\",\"position\":1,\"name\":\"Home\",\"item\":\"https:\\\/\\\/mairies-online.com\\\/blog\\\/\"},{\"@type\":\"ListItem\",\"position\":2,\"name\":\"Ces maires qui ont transform\u00e9 des friches en parcs pour les habitants\"}]},{\"@type\":\"WebSite\",\"@id\":\"https:\\\/\\\/mairies-online.com\\\/blog\\\/#website\",\"url\":\"https:\\\/\\\/mairies-online.com\\\/blog\\\/\",\"name\":\"\",\"description\":\"\",\"potentialAction\":[{\"@type\":\"SearchAction\",\"target\":{\"@type\":\"EntryPoint\",\"urlTemplate\":\"https:\\\/\\\/mairies-online.com\\\/blog\\\/?s={search_term_string}\"},\"query-input\":{\"@type\":\"PropertyValueSpecification\",\"valueRequired\":true,\"valueName\":\"search_term_string\"}}],\"inLanguage\":\"fr-FR\"},{\"@type\":\"Person\",\"@id\":\"https:\\\/\\\/mairies-online.com\\\/blog\\\/#\\\/schema\\\/person\\\/097040a69656d16bed374eff911b37d7\",\"name\":\"Adam Fontaine\",\"image\":{\"@type\":\"ImageObject\",\"inLanguage\":\"fr-FR\",\"@id\":\"https:\\\/\\\/mairies-online.com\\\/blog\\\/wp-content\\\/uploads\\\/2026\\\/03\\\/user-avatar-96x96.jpg\",\"url\":\"https:\\\/\\\/mairies-online.com\\\/blog\\\/wp-content\\\/uploads\\\/2026\\\/03\\\/user-avatar-96x96.jpg\",\"contentUrl\":\"https:\\\/\\\/mairies-online.com\\\/blog\\\/wp-content\\\/uploads\\\/2026\\\/03\\\/user-avatar-96x96.jpg\",\"caption\":\"Adam Fontaine\"},\"description\":\"Journaliste sp\u00e9cialis\u00e9 en collectivit\u00e9s territoriales et politiques publiques locales depuis plus de 15 ans. Ancien attach\u00e9 territorial, Adam Fontaine couvre l'actualit\u00e9 des mairies, intercommunalit\u00e9s et services publics de proximit\u00e9. Expert en finances locales, urbanisme et action sociale communale, il d\u00e9crypte les dispositifs d'aide, les r\u00e9formes institutionnelles et les enjeux du quotidien des administr\u00e9s. Ses analyses s'appuient sur une connaissance approfondie du terrain et des sources officielles (DGCL, AMF, Cour des comptes). Contributeur r\u00e9gulier de Mairies Online depuis 2019.\",\"url\":\"https:\\\/\\\/mairies-online.com\\\/blog\\\/author\\\/adam-fontaine-48\\\/\"}]}<\/script>\n<!-- \/ Yoast SEO plugin. -->","yoast_head_json":{"title":"Ces maires qui ont transform\u00e9 des friches en parcs pour les habitants -","description":"D\u00e9couvrez comment ces maires ont revitalis\u00e9 des friches en parcs conviviaux, offrant aux habitants des espaces verts et de d\u00e9tente.","robots":{"index":"index","follow":"follow","max-snippet":"max-snippet:-1","max-image-preview":"max-image-preview:large","max-video-preview":"max-video-preview:-1"},"canonical":"https:\/\/mairies-online.com\/blog\/maires-friches-parcs\/","og_locale":"fr_FR","og_type":"article","og_title":"Ces maires qui ont transform\u00e9 des friches en parcs pour les habitants -","og_description":"D\u00e9couvrez comment ces maires ont revitalis\u00e9 des friches en parcs conviviaux, offrant aux habitants des espaces verts et de d\u00e9tente.","og_url":"https:\/\/mairies-online.com\/blog\/maires-friches-parcs\/","article_published_time":"2026-04-09T21:03:44+00:00","og_image":[{"width":1920,"height":1072,"url":"https:\/\/mairies-online.com\/blog\/wp-content\/uploads\/2026\/04\/Ces-maires-qui-ont-transforme-des-friches-en-parcs-pour-les-habitants.jpg","type":"image\/jpeg"}],"author":"Adam Fontaine","twitter_card":"summary_large_image","twitter_misc":{"\u00c9crit par":"Adam Fontaine","Dur\u00e9e de lecture estim\u00e9e":"3 minutes"},"schema":{"@context":"https:\/\/schema.org","@graph":[{"@type":"Article","@id":"https:\/\/mairies-online.com\/blog\/maires-friches-parcs\/#article","isPartOf":{"@id":"https:\/\/mairies-online.com\/blog\/maires-friches-parcs\/"},"author":{"name":"Adam Fontaine","@id":"https:\/\/mairies-online.com\/blog\/#\/schema\/person\/097040a69656d16bed374eff911b37d7","@type":"Person"},"headline":"Ces maires qui ont transform\u00e9 des friches en parcs pour les habitants","datePublished":"2026-04-09T21:03:44+00:00","mainEntityOfPage":{"@id":"https:\/\/mairies-online.com\/blog\/maires-friches-parcs\/"},"wordCount":560,"image":{"@id":"https:\/\/mairies-online.com\/blog\/maires-friches-parcs\/#primaryimage"},"thumbnailUrl":"https:\/\/mairies-online.com\/blog\/wp-content\/uploads\/2026\/04\/Ces-maires-qui-ont-transforme-des-friches-en-parcs-pour-les-habitants.jpg","keywords":["espaces verts","friches industrielles","maires","parcs publics","transformation urbaine"],"articleSection":["Actualit\u00e9s"],"inLanguage":"fr-FR","isAccessibleForFree":true,"dateModified":"2026-04-09T21:03:44+00:00"},{"@type":"WebPage","@id":"https:\/\/mairies-online.com\/blog\/maires-friches-parcs\/","url":"https:\/\/mairies-online.com\/blog\/maires-friches-parcs\/","name":"Ces maires qui ont transform\u00e9 des friches en parcs pour les habitants -","isPartOf":{"@id":"https:\/\/mairies-online.com\/blog\/#website"},"primaryImageOfPage":{"@id":"https:\/\/mairies-online.com\/blog\/maires-friches-parcs\/#primaryimage"},"image":{"@id":"https:\/\/mairies-online.com\/blog\/maires-friches-parcs\/#primaryimage"},"thumbnailUrl":"https:\/\/mairies-online.com\/blog\/wp-content\/uploads\/2026\/04\/Ces-maires-qui-ont-transforme-des-friches-en-parcs-pour-les-habitants.jpg","datePublished":"2026-04-09T21:03:44+00:00","author":{"@id":"https:\/\/mairies-online.com\/blog\/#\/schema\/person\/097040a69656d16bed374eff911b37d7"},"description":"D\u00e9couvrez comment ces maires ont revitalis\u00e9 des friches en parcs conviviaux, offrant aux habitants des espaces verts et de d\u00e9tente.","breadcrumb":{"@id":"https:\/\/mairies-online.com\/blog\/maires-friches-parcs\/#breadcrumb"},"inLanguage":"fr-FR","potentialAction":[{"@type":"ReadAction","target":["https:\/\/mairies-online.com\/blog\/maires-friches-parcs\/"]}]},{"@type":"ImageObject","inLanguage":"fr-FR","@id":"https:\/\/mairies-online.com\/blog\/maires-friches-parcs\/#primaryimage","url":"https:\/\/mairies-online.com\/blog\/wp-content\/uploads\/2026\/04\/Ces-maires-qui-ont-transforme-des-friches-en-parcs-pour-les-habitants.jpg","contentUrl":"https:\/\/mairies-online.com\/blog\/wp-content\/uploads\/2026\/04\/Ces-maires-qui-ont-transforme-des-friches-en-parcs-pour-les-habitants.jpg","width":1920,"height":1072,"caption":"d\u00e9couvrez comment ces maires ont revitalis\u00e9 des friches en espaces verts accueillants, offrant aux habitants des parcs agr\u00e9ables pour se d\u00e9tendre et se divertir."},{"@type":"BreadcrumbList","@id":"https:\/\/mairies-online.com\/blog\/maires-friches-parcs\/#breadcrumb","itemListElement":[{"@type":"ListItem","position":1,"name":"Home","item":"https:\/\/mairies-online.com\/blog\/"},{"@type":"ListItem","position":2,"name":"Ces maires qui ont transform\u00e9 des friches en parcs pour les habitants"}]},{"@type":"WebSite","@id":"https:\/\/mairies-online.com\/blog\/#website","url":"https:\/\/mairies-online.com\/blog\/","name":"","description":"","potentialAction":[{"@type":"SearchAction","target":{"@type":"EntryPoint","urlTemplate":"https:\/\/mairies-online.com\/blog\/?s={search_term_string}"},"query-input":{"@type":"PropertyValueSpecification","valueRequired":true,"valueName":"search_term_string"}}],"inLanguage":"fr-FR"},{"@type":"Person","@id":"https:\/\/mairies-online.com\/blog\/#\/schema\/person\/097040a69656d16bed374eff911b37d7","name":"Adam Fontaine","image":{"@type":"ImageObject","inLanguage":"fr-FR","@id":"https:\/\/mairies-online.com\/blog\/wp-content\/uploads\/2026\/03\/user-avatar-96x96.jpg","url":"https:\/\/mairies-online.com\/blog\/wp-content\/uploads\/2026\/03\/user-avatar-96x96.jpg","contentUrl":"https:\/\/mairies-online.com\/blog\/wp-content\/uploads\/2026\/03\/user-avatar-96x96.jpg","caption":"Adam Fontaine"},"description":"Journaliste sp\u00e9cialis\u00e9 en collectivit\u00e9s territoriales et politiques publiques locales depuis plus de 15 ans. Ancien attach\u00e9 territorial, Adam Fontaine couvre l'actualit\u00e9 des mairies, intercommunalit\u00e9s et services publics de proximit\u00e9. Expert en finances locales, urbanisme et action sociale communale, il d\u00e9crypte les dispositifs d'aide, les r\u00e9formes institutionnelles et les enjeux du quotidien des administr\u00e9s. Ses analyses s'appuient sur une connaissance approfondie du terrain et des sources officielles (DGCL, AMF, Cour des comptes). Contributeur r\u00e9gulier de Mairies Online depuis 2019.","url":"https:\/\/mairies-online.com\/blog\/author\/adam-fontaine-48\/"}]}},"views":318,"_links":{"self":[{"href":"https:\/\/mairies-online.com\/blog\/wp-json\/wp\/v2\/posts\/8786","targetHints":{"allow":["GET"]}}],"collection":[{"href":"https:\/\/mairies-online.com\/blog\/wp-json\/wp\/v2\/posts"}],"about":[{"href":"https:\/\/mairies-online.com\/blog\/wp-json\/wp\/v2\/types\/post"}],"author":[{"embeddable":true,"href":"https:\/\/mairies-online.com\/blog\/wp-json\/wp\/v2\/users\/6"}],"replies":[{"embeddable":true,"href":"https:\/\/mairies-online.com\/blog\/wp-json\/wp\/v2\/comments?post=8786"}],"version-history":[{"count":0,"href":"https:\/\/mairies-online.com\/blog\/wp-json\/wp\/v2\/posts\/8786\/revisions"}],"wp:featuredmedia":[{"embeddable":true,"href":"https:\/\/mairies-online.com\/blog\/wp-json\/wp\/v2\/media\/8785"}],"wp:attachment":[{"href":"https:\/\/mairies-online.com\/blog\/wp-json\/wp\/v2\/media?parent=8786"}],"wp:term":[{"taxonomy":"category","embeddable":true,"href":"https:\/\/mairies-online.com\/blog\/wp-json\/wp\/v2\/categories?post=8786"},{"taxonomy":"post_tag","embeddable":true,"href":"https:\/\/mairies-online.com\/blog\/wp-json\/wp\/v2\/tags?post=8786"}],"curies":[{"name":"wp","href":"https:\/\/api.w.org\/{rel}","templated":true}]}}