{"id":8782,"date":"2026-04-09T06:32:31","date_gmt":"2026-04-09T06:32:31","guid":{"rendered":"https:\/\/mairies-online.com\/blog\/nouvelle-carte-scolaire-2026\/"},"modified":"2026-04-09T06:32:31","modified_gmt":"2026-04-09T06:32:31","slug":"nouvelle-carte-scolaire-2026","status":"publish","type":"post","link":"https:\/\/mairies-online.com\/blog\/nouvelle-carte-scolaire-2026\/","title":{"rendered":"Ce que change la nouvelle carte scolaire pour les familles en 2026"},"content":{"rendered":"<p>La nouvelle <strong>carte scolaire<\/strong> bouleverse d\u00e9j\u00e0 la rentr\u00e9e : affectations modifi\u00e9es, fermetures annonc\u00e9es et zones scolaires red\u00e9finies affectent directement les familles. Si tu habites un territoire rural comme le Lot, les d\u00e9cisions prises en mars\u2011avril changent les inscriptions et la mobilit\u00e9 des \u00e9l\u00e8ves d\u00e8s septembre.<\/p>\n\n<ul class=\"wp-block-list\"><li><strong>Moins d\u2019\u00e9l\u00e8ves<\/strong> = fermetures possibles dans les petites communes.<\/li><li>Exemples concrets : menaces sur Lalbenque, Livernon, Bretenoux (Lot).<\/li><li>Cons\u00e9quences : affectation diff\u00e9rente, options supprim\u00e9es, hausse des effectifs en classe.<\/li><\/ul>\n\n<h2 class=\"wp-block-heading\">Carte scolaire 2026 : ce que \u00e7a change pour ta famille<\/h2>\n\n<p>Claire, m\u00e8re de deux enfants \u00e0 Lalbenque, a appris qu\u2019une classe pourrait fermer : cons\u00e9quence directe d\u2019une baisse d\u2019inscrits. Dans le Lot, les syndicats estiment <strong>une douzaine de classes menac\u00e9es<\/strong> et la suppression de 7 postes dans le 1er degr\u00e9, avec des ouvertures de postes de rempla\u00e7ants ponctuels.<\/p>\n\n<h3 class=\"wp-block-heading\">Impact local et mobilisations<\/h3>\n\n<p>\u00c0 Cahors et Saint\u2011C\u00e9r\u00e9, parents et enseignants ont commenc\u00e9 \u00e0 se mobiliser : occupations d\u2019\u00e9cole et pr\u00e9avis de gr\u00e8ve t\u00e9moignent d\u2019une col\u00e8re concr\u00e8te. Les syndicats et la FCPE d\u00e9noncent des suppressions d\u00e9cid\u00e9es malgr\u00e9 des disparit\u00e9s entre pr\u00e9visions rectorat\/DSDEN. Pour voir comment fonctionne la n\u00e9gociation locale, consulte le compte rendu du rassemblement \u00e0 Cahors.<\/p>\n\n<h2 class=\"wp-block-heading\">Inscription, affectation et zones scolaires : mode d\u2019emploi<\/h2>\n\n<p>Les r\u00e8gles d\u2019affectation changent selon les zones scolaires. Si ton enfant est concern\u00e9 par une fermeture, la commune doit proposer une solution d\u2019inscription alternative et informer sur la mobilit\u00e9 des \u00e9l\u00e8ves. Pour conna\u00eetre les d\u00e9marches pratiques \u00e0 la mairie, regarde notre guide sur les d\u00e9marches en mairie 2026 et les d\u00e9lais pour les CNI et passeports si tu dois prouver une adresse.<\/p>\n\n<h2 class=\"wp-block-heading\">Bourses scolaires, options et solutions concr\u00e8tes<\/h2>\n\n<p>La baisse des dotations entra\u00eene des arbitrages : suppression d\u2019options (allemand en 5e \u00e0 Cahors), aides personnalis\u00e9es r\u00e9duites, et suppression de postes au coll\u00e8ge et lyc\u00e9e. Les familles doivent anticiper demandes de <strong>bourses scolaires<\/strong> et transport scolaire. Voici des ressources pour chiffrer l\u2019impact et pr\u00e9parer un dossier : un bilan d\u00e9partemental et des articles nationaux analysent la r\u00e9forme \u00e9ducative en profondeur.<\/p>\n\n<ul class=\"wp-block-list\"><li>V\u00e9rifie les <strong>zones scolaires<\/strong> aupr\u00e8s de ta mairie.<\/li><li>Anticipe les <strong>inscriptions<\/strong> et demandes de bourse.<\/li><li>Mobilise\u2011toi localement si une fermeture est annonc\u00e9e.<\/li><\/ul>\n\n<figure class=\"wp-block-table\"><table>\n<thead>\n<tr>\n<th>Niveau<\/th>\n<th>Variation annonc\u00e9e<\/th>\n<th>Cons\u00e9quence possible<\/th>\n<\/tr>\n<\/thead>\n<tbody>\n<tr>\n<td>1er degr\u00e9<\/td>\n<td>-7 postes (Lot)<\/td>\n<td>~12 classes menac\u00e9es, fusions de RPI<\/td>\n<\/tr>\n<tr>\n<td>Coll\u00e8ges<\/td>\n<td>-11,5 postes<\/td>\n<td>Classes surcharg\u00e9es (&gt;28 \u00e9l\u00e8ves)<\/td>\n<\/tr>\n<tr>\n<td>Lyc\u00e9es<\/td>\n<td>-12 postes, +2,3 en LP<\/td>\n<td>Options et EDS touch\u00e9s<\/td>\n<\/tr>\n<\/tbody>\n<\/table><\/figure>\n\n<p>Tu veux v\u00e9rifier ce qui concerne ta commune ? Consulte les d\u00e9tails locaux et les articles de r\u00e9f\u00e9rence pour pr\u00e9parer tes d\u00e9marches, par exemple les analyses d\u00e9partementales et nationales. Pour conna\u00eetre les services et d\u00e9marches de ta mairie, rends\u2011toi sur <a href=\"https:\/\/mairies-online.com\/blog\/demers-mairie-2026\/\" rel=\"nofollow\">les d\u00e9marches en mairie 2026<\/a> et pour les d\u00e9lais administratifs utiles <a href=\"https:\/\/mairies-online.com\/blog\/cni-passeport-delais-2026\/\" rel=\"nofollow\">informations sur les d\u00e9lais CNI\/passeport<\/a>. Pour un point de situation sur les annonces et contestations dans le Lot, lis le reportage local.<\/p>\n\n<script type=\"application\/ld+json\">\n{\"@context\":\"https:\/\/schema.org\",\"@type\":\"FAQPage\",\"mainEntity\":[{\"@type\":\"Question\",\"name\":\"Que faire si lu2019u00e9cole de mon enfant ferme ?\",\"acceptedAnswer\":{\"@type\":\"Answer\",\"text\":\"Contacte la mairie pour connau00eetre les solutions du2019affectation, demande une ru00e9union avec la DSDEN et mobilise les parents pour obtenir des alternatives (transport, classes relais).\"}},{\"@type\":\"Question\",\"name\":\"La fermeture peutu2011elle u00eatre contestu00e9e ?\",\"acceptedAnswer\":{\"@type\":\"Answer\",\"text\":\"Oui : les parents et syndicats peuvent demander des ru00e9visions lors du CDEN ou saisir les u00e9lus locaux pour retenir lu2019encadrement existant.\"}},{\"@type\":\"Question\",\"name\":\"Comment demander une bourse scolaire ?\",\"acceptedAnswer\":{\"@type\":\"Answer\",\"text\":\"Renseigneu2011toi aupru00e8s du service scolaire de ta mairie et pru00e9pare les justificatifs de revenus ; les commissions locales traitent les dossiers avant la rentru00e9e.\"}}]}\n<\/script>\n<h3>Que faire si l\u2019\u00e9cole de mon enfant ferme ?<\/h3>\n<p>Contacte la mairie pour conna\u00eetre les solutions d\u2019affectation, demande une r\u00e9union avec la DSDEN et mobilise les parents pour obtenir des alternatives (transport, classes relais).<\/p>\n<h3>La fermeture peut\u2011elle \u00eatre contest\u00e9e ?<\/h3>\n<p>Oui : les parents et syndicats peuvent demander des r\u00e9visions lors du CDEN ou saisir les \u00e9lus locaux pour retenir l\u2019encadrement existant.<\/p>\n<h3>Comment demander une bourse scolaire ?<\/h3>\n<p>Renseigne\u2011toi aupr\u00e8s du service scolaire de ta mairie et pr\u00e9pare les justificatifs de revenus ; les commissions locales traitent les dossiers avant la rentr\u00e9e.<\/p>\n\n","protected":false},"excerpt":{"rendered":"<p>La nouvelle carte scolaire bouleverse d\u00e9j\u00e0 la rentr\u00e9e : affectations modifi\u00e9es, fermetures annonc\u00e9es et zones scolaires red\u00e9finies affectent directement les familles. Si tu habites un territoire rural comme le Lot, les d\u00e9cisions prises en mars\u2011avril changent les inscriptions et la mobilit\u00e9 des \u00e9l\u00e8ves d\u00e8s septembre. Carte scolaire 2026 : ce que \u00e7a change pour ta &#8230; <a title=\"Ce que change la nouvelle carte scolaire pour les familles en 2026\" class=\"read-more\" href=\"https:\/\/mairies-online.com\/blog\/nouvelle-carte-scolaire-2026\/\" aria-label=\"En savoir plus sur Ce que change la nouvelle carte scolaire pour les familles en 2026\">Lire la suite<\/a><\/p>\n","protected":false},"author":6,"featured_media":8781,"comment_status":"","ping_status":"","sticky":false,"template":"","format":"standard","meta":{"footnotes":""},"categories":[1],"tags":[24190,24193,24140,24192,24191],"class_list":["post-8782","post","type-post","status-publish","format-standard","has-post-thumbnail","hentry","category-actualites","tag-carte-scolaire-2026","tag-changement-carte-scolaire","tag-education-2026","tag-familles-et-carte-scolaire","tag-nouvelle-carte-scolaire"],"yoast_head":"<!-- This site is optimized with the Yoast SEO plugin v27.5 - https:\/\/yoast.com\/product\/yoast-seo-wordpress\/ -->\n<title>Ce que change la nouvelle carte scolaire pour les familles en 2026 -<\/title>\n<meta name=\"description\" content=\"D\u00e9couvrez les impacts de la nouvelle carte scolaire 2026 pour les familles : secteurs, \u00e9coles, et inscriptions simplifi\u00e9es.\" \/>\n<meta name=\"robots\" content=\"index, follow, max-snippet:-1, max-image-preview:large, max-video-preview:-1\" \/>\n<link rel=\"canonical\" href=\"https:\/\/mairies-online.com\/blog\/nouvelle-carte-scolaire-2026\/\" \/>\n<meta property=\"og:locale\" content=\"fr_FR\" \/>\n<meta property=\"og:type\" content=\"article\" \/>\n<meta property=\"og:title\" content=\"Ce que change la nouvelle carte scolaire pour les familles en 2026 -\" \/>\n<meta property=\"og:description\" content=\"D\u00e9couvrez les impacts de la nouvelle carte scolaire 2026 pour les familles : secteurs, \u00e9coles, et inscriptions simplifi\u00e9es.\" \/>\n<meta property=\"og:url\" content=\"https:\/\/mairies-online.com\/blog\/nouvelle-carte-scolaire-2026\/\" \/>\n<meta property=\"article:published_time\" content=\"2026-04-09T06:32:31+00:00\" \/>\n<meta property=\"og:image\" content=\"https:\/\/mairies-online.com\/blog\/wp-content\/uploads\/2026\/04\/Ce-que-change-la-nouvelle-carte-scolaire-pour-les-familles-en-2026.jpg\" \/>\n\t<meta property=\"og:image:width\" content=\"1920\" \/>\n\t<meta property=\"og:image:height\" content=\"1072\" \/>\n\t<meta property=\"og:image:type\" content=\"image\/jpeg\" \/>\n<meta name=\"author\" content=\"Adam Fontaine\" \/>\n<meta name=\"twitter:card\" content=\"summary_large_image\" \/>\n<meta name=\"twitter:label1\" content=\"\u00c9crit par\" \/>\n\t<meta name=\"twitter:data1\" content=\"Adam Fontaine\" \/>\n\t<meta name=\"twitter:label2\" content=\"Dur\u00e9e de lecture estim\u00e9e\" \/>\n\t<meta name=\"twitter:data2\" content=\"3 minutes\" \/>\n<script type=\"application\/ld+json\" class=\"yoast-schema-graph\">{\"@context\":\"https:\\\/\\\/schema.org\",\"@graph\":[{\"@type\":\"Article\",\"@id\":\"https:\\\/\\\/mairies-online.com\\\/blog\\\/nouvelle-carte-scolaire-2026\\\/#article\",\"isPartOf\":{\"@id\":\"https:\\\/\\\/mairies-online.com\\\/blog\\\/nouvelle-carte-scolaire-2026\\\/\"},\"author\":{\"name\":\"Adam Fontaine\",\"@id\":\"https:\\\/\\\/mairies-online.com\\\/blog\\\/#\\\/schema\\\/person\\\/097040a69656d16bed374eff911b37d7\",\"@type\":\"Person\"},\"headline\":\"Ce que change la nouvelle carte scolaire pour les familles en 2026\",\"datePublished\":\"2026-04-09T06:32:31+00:00\",\"mainEntityOfPage\":{\"@id\":\"https:\\\/\\\/mairies-online.com\\\/blog\\\/nouvelle-carte-scolaire-2026\\\/\"},\"wordCount\":625,\"image\":{\"@id\":\"https:\\\/\\\/mairies-online.com\\\/blog\\\/nouvelle-carte-scolaire-2026\\\/#primaryimage\"},\"thumbnailUrl\":\"https:\\\/\\\/mairies-online.com\\\/blog\\\/wp-content\\\/uploads\\\/2026\\\/04\\\/Ce-que-change-la-nouvelle-carte-scolaire-pour-les-familles-en-2026.jpg\",\"keywords\":[\"carte scolaire 2026\",\"changement carte scolaire\",\"\u00e9ducation 2026\",\"familles et carte scolaire\",\"nouvelle carte scolaire\"],\"articleSection\":[\"Actualit\u00e9s\"],\"inLanguage\":\"fr-FR\",\"isAccessibleForFree\":true,\"dateModified\":\"2026-04-09T06:32:31+00:00\"},{\"@type\":\"WebPage\",\"@id\":\"https:\\\/\\\/mairies-online.com\\\/blog\\\/nouvelle-carte-scolaire-2026\\\/\",\"url\":\"https:\\\/\\\/mairies-online.com\\\/blog\\\/nouvelle-carte-scolaire-2026\\\/\",\"name\":\"Ce que change la nouvelle carte scolaire pour les familles en 2026 -\",\"isPartOf\":{\"@id\":\"https:\\\/\\\/mairies-online.com\\\/blog\\\/#website\"},\"primaryImageOfPage\":{\"@id\":\"https:\\\/\\\/mairies-online.com\\\/blog\\\/nouvelle-carte-scolaire-2026\\\/#primaryimage\"},\"image\":{\"@id\":\"https:\\\/\\\/mairies-online.com\\\/blog\\\/nouvelle-carte-scolaire-2026\\\/#primaryimage\"},\"thumbnailUrl\":\"https:\\\/\\\/mairies-online.com\\\/blog\\\/wp-content\\\/uploads\\\/2026\\\/04\\\/Ce-que-change-la-nouvelle-carte-scolaire-pour-les-familles-en-2026.jpg\",\"datePublished\":\"2026-04-09T06:32:31+00:00\",\"author\":{\"@id\":\"https:\\\/\\\/mairies-online.com\\\/blog\\\/#\\\/schema\\\/person\\\/097040a69656d16bed374eff911b37d7\"},\"description\":\"D\u00e9couvrez les impacts de la nouvelle carte scolaire 2026 pour les familles : secteurs, \u00e9coles, et inscriptions simplifi\u00e9es.\",\"breadcrumb\":{\"@id\":\"https:\\\/\\\/mairies-online.com\\\/blog\\\/nouvelle-carte-scolaire-2026\\\/#breadcrumb\"},\"inLanguage\":\"fr-FR\",\"potentialAction\":[{\"@type\":\"ReadAction\",\"target\":[\"https:\\\/\\\/mairies-online.com\\\/blog\\\/nouvelle-carte-scolaire-2026\\\/\"]}]},{\"@type\":\"ImageObject\",\"inLanguage\":\"fr-FR\",\"@id\":\"https:\\\/\\\/mairies-online.com\\\/blog\\\/nouvelle-carte-scolaire-2026\\\/#primaryimage\",\"url\":\"https:\\\/\\\/mairies-online.com\\\/blog\\\/wp-content\\\/uploads\\\/2026\\\/04\\\/Ce-que-change-la-nouvelle-carte-scolaire-pour-les-familles-en-2026.jpg\",\"contentUrl\":\"https:\\\/\\\/mairies-online.com\\\/blog\\\/wp-content\\\/uploads\\\/2026\\\/04\\\/Ce-que-change-la-nouvelle-carte-scolaire-pour-les-familles-en-2026.jpg\",\"width\":1920,\"height\":1072,\"caption\":\"d\u00e9couvrez comment la nouvelle carte scolaire de 2026 impactera les familles, les changements cl\u00e9s et les conseils pour bien se pr\u00e9parer \u00e0 la rentr\u00e9e.\"},{\"@type\":\"BreadcrumbList\",\"@id\":\"https:\\\/\\\/mairies-online.com\\\/blog\\\/nouvelle-carte-scolaire-2026\\\/#breadcrumb\",\"itemListElement\":[{\"@type\":\"ListItem\",\"position\":1,\"name\":\"Home\",\"item\":\"https:\\\/\\\/mairies-online.com\\\/blog\\\/\"},{\"@type\":\"ListItem\",\"position\":2,\"name\":\"Ce que change la nouvelle carte scolaire pour les familles en 2026\"}]},{\"@type\":\"WebSite\",\"@id\":\"https:\\\/\\\/mairies-online.com\\\/blog\\\/#website\",\"url\":\"https:\\\/\\\/mairies-online.com\\\/blog\\\/\",\"name\":\"\",\"description\":\"\",\"potentialAction\":[{\"@type\":\"SearchAction\",\"target\":{\"@type\":\"EntryPoint\",\"urlTemplate\":\"https:\\\/\\\/mairies-online.com\\\/blog\\\/?s={search_term_string}\"},\"query-input\":{\"@type\":\"PropertyValueSpecification\",\"valueRequired\":true,\"valueName\":\"search_term_string\"}}],\"inLanguage\":\"fr-FR\"},{\"@type\":\"Person\",\"@id\":\"https:\\\/\\\/mairies-online.com\\\/blog\\\/#\\\/schema\\\/person\\\/097040a69656d16bed374eff911b37d7\",\"name\":\"Adam Fontaine\",\"image\":{\"@type\":\"ImageObject\",\"inLanguage\":\"fr-FR\",\"@id\":\"https:\\\/\\\/mairies-online.com\\\/blog\\\/wp-content\\\/uploads\\\/2026\\\/03\\\/user-avatar-96x96.jpg\",\"url\":\"https:\\\/\\\/mairies-online.com\\\/blog\\\/wp-content\\\/uploads\\\/2026\\\/03\\\/user-avatar-96x96.jpg\",\"contentUrl\":\"https:\\\/\\\/mairies-online.com\\\/blog\\\/wp-content\\\/uploads\\\/2026\\\/03\\\/user-avatar-96x96.jpg\",\"caption\":\"Adam Fontaine\"},\"description\":\"Journaliste sp\u00e9cialis\u00e9 en collectivit\u00e9s territoriales et politiques publiques locales depuis plus de 15 ans. Ancien attach\u00e9 territorial, Adam Fontaine couvre l'actualit\u00e9 des mairies, intercommunalit\u00e9s et services publics de proximit\u00e9. Expert en finances locales, urbanisme et action sociale communale, il d\u00e9crypte les dispositifs d'aide, les r\u00e9formes institutionnelles et les enjeux du quotidien des administr\u00e9s. Ses analyses s'appuient sur une connaissance approfondie du terrain et des sources officielles (DGCL, AMF, Cour des comptes). Contributeur r\u00e9gulier de Mairies Online depuis 2019.\",\"url\":\"https:\\\/\\\/mairies-online.com\\\/blog\\\/author\\\/adam-fontaine-48\\\/\"}]}<\/script>\n<!-- \/ Yoast SEO plugin. -->","yoast_head_json":{"title":"Ce que change la nouvelle carte scolaire pour les familles en 2026 -","description":"D\u00e9couvrez les impacts de la nouvelle carte scolaire 2026 pour les familles : secteurs, \u00e9coles, et inscriptions simplifi\u00e9es.","robots":{"index":"index","follow":"follow","max-snippet":"max-snippet:-1","max-image-preview":"max-image-preview:large","max-video-preview":"max-video-preview:-1"},"canonical":"https:\/\/mairies-online.com\/blog\/nouvelle-carte-scolaire-2026\/","og_locale":"fr_FR","og_type":"article","og_title":"Ce que change la nouvelle carte scolaire pour les familles en 2026 -","og_description":"D\u00e9couvrez les impacts de la nouvelle carte scolaire 2026 pour les familles : secteurs, \u00e9coles, et inscriptions simplifi\u00e9es.","og_url":"https:\/\/mairies-online.com\/blog\/nouvelle-carte-scolaire-2026\/","article_published_time":"2026-04-09T06:32:31+00:00","og_image":[{"width":1920,"height":1072,"url":"https:\/\/mairies-online.com\/blog\/wp-content\/uploads\/2026\/04\/Ce-que-change-la-nouvelle-carte-scolaire-pour-les-familles-en-2026.jpg","type":"image\/jpeg"}],"author":"Adam Fontaine","twitter_card":"summary_large_image","twitter_misc":{"\u00c9crit par":"Adam Fontaine","Dur\u00e9e de lecture estim\u00e9e":"3 minutes"},"schema":{"@context":"https:\/\/schema.org","@graph":[{"@type":"Article","@id":"https:\/\/mairies-online.com\/blog\/nouvelle-carte-scolaire-2026\/#article","isPartOf":{"@id":"https:\/\/mairies-online.com\/blog\/nouvelle-carte-scolaire-2026\/"},"author":{"name":"Adam Fontaine","@id":"https:\/\/mairies-online.com\/blog\/#\/schema\/person\/097040a69656d16bed374eff911b37d7","@type":"Person"},"headline":"Ce que change la nouvelle carte scolaire pour les familles en 2026","datePublished":"2026-04-09T06:32:31+00:00","mainEntityOfPage":{"@id":"https:\/\/mairies-online.com\/blog\/nouvelle-carte-scolaire-2026\/"},"wordCount":625,"image":{"@id":"https:\/\/mairies-online.com\/blog\/nouvelle-carte-scolaire-2026\/#primaryimage"},"thumbnailUrl":"https:\/\/mairies-online.com\/blog\/wp-content\/uploads\/2026\/04\/Ce-que-change-la-nouvelle-carte-scolaire-pour-les-familles-en-2026.jpg","keywords":["carte scolaire 2026","changement carte scolaire","\u00e9ducation 2026","familles et carte scolaire","nouvelle carte scolaire"],"articleSection":["Actualit\u00e9s"],"inLanguage":"fr-FR","isAccessibleForFree":true,"dateModified":"2026-04-09T06:32:31+00:00"},{"@type":"WebPage","@id":"https:\/\/mairies-online.com\/blog\/nouvelle-carte-scolaire-2026\/","url":"https:\/\/mairies-online.com\/blog\/nouvelle-carte-scolaire-2026\/","name":"Ce que change la nouvelle carte scolaire pour les familles en 2026 -","isPartOf":{"@id":"https:\/\/mairies-online.com\/blog\/#website"},"primaryImageOfPage":{"@id":"https:\/\/mairies-online.com\/blog\/nouvelle-carte-scolaire-2026\/#primaryimage"},"image":{"@id":"https:\/\/mairies-online.com\/blog\/nouvelle-carte-scolaire-2026\/#primaryimage"},"thumbnailUrl":"https:\/\/mairies-online.com\/blog\/wp-content\/uploads\/2026\/04\/Ce-que-change-la-nouvelle-carte-scolaire-pour-les-familles-en-2026.jpg","datePublished":"2026-04-09T06:32:31+00:00","author":{"@id":"https:\/\/mairies-online.com\/blog\/#\/schema\/person\/097040a69656d16bed374eff911b37d7"},"description":"D\u00e9couvrez les impacts de la nouvelle carte scolaire 2026 pour les familles : secteurs, \u00e9coles, et inscriptions simplifi\u00e9es.","breadcrumb":{"@id":"https:\/\/mairies-online.com\/blog\/nouvelle-carte-scolaire-2026\/#breadcrumb"},"inLanguage":"fr-FR","potentialAction":[{"@type":"ReadAction","target":["https:\/\/mairies-online.com\/blog\/nouvelle-carte-scolaire-2026\/"]}]},{"@type":"ImageObject","inLanguage":"fr-FR","@id":"https:\/\/mairies-online.com\/blog\/nouvelle-carte-scolaire-2026\/#primaryimage","url":"https:\/\/mairies-online.com\/blog\/wp-content\/uploads\/2026\/04\/Ce-que-change-la-nouvelle-carte-scolaire-pour-les-familles-en-2026.jpg","contentUrl":"https:\/\/mairies-online.com\/blog\/wp-content\/uploads\/2026\/04\/Ce-que-change-la-nouvelle-carte-scolaire-pour-les-familles-en-2026.jpg","width":1920,"height":1072,"caption":"d\u00e9couvrez comment la nouvelle carte scolaire de 2026 impactera les familles, les changements cl\u00e9s et les conseils pour bien se pr\u00e9parer \u00e0 la rentr\u00e9e."},{"@type":"BreadcrumbList","@id":"https:\/\/mairies-online.com\/blog\/nouvelle-carte-scolaire-2026\/#breadcrumb","itemListElement":[{"@type":"ListItem","position":1,"name":"Home","item":"https:\/\/mairies-online.com\/blog\/"},{"@type":"ListItem","position":2,"name":"Ce que change la nouvelle carte scolaire pour les familles en 2026"}]},{"@type":"WebSite","@id":"https:\/\/mairies-online.com\/blog\/#website","url":"https:\/\/mairies-online.com\/blog\/","name":"","description":"","potentialAction":[{"@type":"SearchAction","target":{"@type":"EntryPoint","urlTemplate":"https:\/\/mairies-online.com\/blog\/?s={search_term_string}"},"query-input":{"@type":"PropertyValueSpecification","valueRequired":true,"valueName":"search_term_string"}}],"inLanguage":"fr-FR"},{"@type":"Person","@id":"https:\/\/mairies-online.com\/blog\/#\/schema\/person\/097040a69656d16bed374eff911b37d7","name":"Adam Fontaine","image":{"@type":"ImageObject","inLanguage":"fr-FR","@id":"https:\/\/mairies-online.com\/blog\/wp-content\/uploads\/2026\/03\/user-avatar-96x96.jpg","url":"https:\/\/mairies-online.com\/blog\/wp-content\/uploads\/2026\/03\/user-avatar-96x96.jpg","contentUrl":"https:\/\/mairies-online.com\/blog\/wp-content\/uploads\/2026\/03\/user-avatar-96x96.jpg","caption":"Adam Fontaine"},"description":"Journaliste sp\u00e9cialis\u00e9 en collectivit\u00e9s territoriales et politiques publiques locales depuis plus de 15 ans. Ancien attach\u00e9 territorial, Adam Fontaine couvre l'actualit\u00e9 des mairies, intercommunalit\u00e9s et services publics de proximit\u00e9. Expert en finances locales, urbanisme et action sociale communale, il d\u00e9crypte les dispositifs d'aide, les r\u00e9formes institutionnelles et les enjeux du quotidien des administr\u00e9s. Ses analyses s'appuient sur une connaissance approfondie du terrain et des sources officielles (DGCL, AMF, Cour des comptes). Contributeur r\u00e9gulier de Mairies Online depuis 2019.","url":"https:\/\/mairies-online.com\/blog\/author\/adam-fontaine-48\/"}]}},"views":319,"_links":{"self":[{"href":"https:\/\/mairies-online.com\/blog\/wp-json\/wp\/v2\/posts\/8782","targetHints":{"allow":["GET"]}}],"collection":[{"href":"https:\/\/mairies-online.com\/blog\/wp-json\/wp\/v2\/posts"}],"about":[{"href":"https:\/\/mairies-online.com\/blog\/wp-json\/wp\/v2\/types\/post"}],"author":[{"embeddable":true,"href":"https:\/\/mairies-online.com\/blog\/wp-json\/wp\/v2\/users\/6"}],"replies":[{"embeddable":true,"href":"https:\/\/mairies-online.com\/blog\/wp-json\/wp\/v2\/comments?post=8782"}],"version-history":[{"count":0,"href":"https:\/\/mairies-online.com\/blog\/wp-json\/wp\/v2\/posts\/8782\/revisions"}],"wp:featuredmedia":[{"embeddable":true,"href":"https:\/\/mairies-online.com\/blog\/wp-json\/wp\/v2\/media\/8781"}],"wp:attachment":[{"href":"https:\/\/mairies-online.com\/blog\/wp-json\/wp\/v2\/media?parent=8782"}],"wp:term":[{"taxonomy":"category","embeddable":true,"href":"https:\/\/mairies-online.com\/blog\/wp-json\/wp\/v2\/categories?post=8782"},{"taxonomy":"post_tag","embeddable":true,"href":"https:\/\/mairies-online.com\/blog\/wp-json\/wp\/v2\/tags?post=8782"}],"curies":[{"name":"wp","href":"https:\/\/api.w.org\/{rel}","templated":true}]}}