{"id":8759,"date":"2026-04-06T06:39:14","date_gmt":"2026-04-06T06:39:14","guid":{"rendered":"https:\/\/mairies-online.com\/blog\/village-francais-nouveaux-habitants\/"},"modified":"2026-04-06T06:39:14","modified_gmt":"2026-04-06T06:39:14","slug":"village-francais-nouveaux-habitants","status":"publish","type":"post","link":"https:\/\/mairies-online.com\/blog\/village-francais-nouveaux-habitants\/","title":{"rendered":"Ce village fran\u00e7ais attire 300 nouveaux habitants par an, pourquoi"},"content":{"rendered":"<p><strong>Ce village fran\u00e7ais<\/strong> attire <strong>300 nouveaux habitants par an<\/strong> et \u00e7a change tout : commerces qui rouvrent, \u00e9coles qui grossissent et loyers qui restent raisonnables. Tu vas voir comment, avec des chiffres et des exemples concrets, une strat\u00e9gie locale transforme le cadre de vie.<\/p>\n\n<ul class=\"wp-block-list\"><li><strong>300 nouveaux habitants\/an<\/strong> : effet imm\u00e9diat sur le logement et les services.<\/li><li>Mobilit\u00e9 rurale repens\u00e9e : navettes et co-voiturage.<\/li><li>Qualit\u00e9 de vie : espaces verts et t\u00e9l\u00e9travail en hausse.<\/li><li>Dynamisme \u00e9conomique local favoris\u00e9 par la proximit\u00e9 urbaine.<\/li><\/ul>\n\n<figure class=\"wp-block-table\"><table>\n<thead>\n<tr>\n<th>Commune<\/th>\n<th>Croissance annuelle moyenne<\/th>\n<th>Atout principal<\/th>\n<\/tr>\n<\/thead>\n<tbody>\n<tr>\n<td><strong>La Chapelle-sur-Erdre (44)<\/strong><\/td>\n<td><strong>+300 hab\/an<\/strong><\/td>\n<td>Proximit\u00e9 Nantes &amp; transports<\/td>\n<\/tr>\n<tr>\n<td><strong>Plougonvelin (29)<\/strong><\/td>\n<td><strong>+120 hab\/an<\/strong><\/td>\n<td>Cadre c\u00f4tier et attractivit\u00e9 touristique<\/td>\n<\/tr>\n<tr>\n<td><strong>Sainte-Croix-en-Plaine (68)<\/strong><\/td>\n<td><strong>+85 hab\/an<\/strong><\/td>\n<td>Parc d\u2019activit\u00e9s et maisons abordables<\/td>\n<\/tr>\n<\/tbody>\n<\/table><\/figure>\n\n<h2 class=\"wp-block-heading\">Pourquoi <strong>300 nouveaux habitants<\/strong> ici ?<\/h2>\n\n<p>La r\u00e9ponse tient en trois leviers : acc\u00e8s rapide \u00e0 une m\u00e9tropole, prix du foncier ma\u00eetris\u00e9 et services publics efficaces. \u00c0 La Chapelle-sur-Erdre, l\u2019ouverture d\u2019une nouvelle ligne de bus et la zone commerciale ont attir\u00e9 des familles \u2014 bilan : <strong>+300 personnes par an<\/strong> depuis 2017.<\/p>\n\n<p>R\u00e9sultat : la maternelle a gagn\u00e9 45 enfants en deux ans. L\u2019insight : investir en mobilit\u00e9 paye vite.<\/p>\n\n<h2 class=\"wp-block-heading\">Mobilit\u00e9 rurale et cadre de vie : les m\u00e9canismes<\/h2>\n\n<p>La mobilit\u00e9 rurale s\u2019est r\u00e9organis\u00e9e : navettes intercommunales, parkings relais et pistes cyclables. \u00c0 Plougonvelin, la liaison vers Brest a augment\u00e9 la fr\u00e9quentation des commerces locaux de 18 % en un an.<\/p>\n\n<ul class=\"wp-block-list\"><li>Navette p\u00e9riurbaine quotidienne<\/li><li>Abonnements v\u00e9lo &amp; co-voiturage subventionn\u00e9s<\/li><li>R\u00e9novation d\u2019un parc pour enfants<\/li><\/ul>\n\n<p>Cl\u00e9 : la mobilit\u00e9 facilite le t\u00e9l\u00e9travail et renforce la qualit\u00e9 de vie, donc l\u2019attractivit\u00e9.<\/p>\n\n<h2 class=\"wp-block-heading\">Service public, d\u00e9veloppement local et dynamisme \u00e9conomique<\/h2>\n\n<p>Les services publics cr\u00e9ent la confiance : cr\u00e8che publique, guichet unique et plateforme d\u2019emploi local. \u00c0 Sainte-Croix-en-Plaine, l\u2019ouverture d\u2019un parc d\u2019activit\u00e9s a g\u00e9n\u00e9r\u00e9 200 emplois directs en trois ans.<\/p>\n\n<p>Conclusion op\u00e9rationnelle : quand la commune soutient les entrepreneurs et simplifie les d\u00e9marches, la croissance d\u00e9mographique devient vertueuse.<\/p>\n\n<p>Tu veux savoir si ta commune suit le m\u00eame chemin ? Trouve les chiffres, les projets et les contacts utiles sur mairies-online.com pour comparer et agir localement.<\/p>\n\n<script type=\"application\/ld+json\">\n{\"@context\":\"https:\/\/schema.org\",\"@type\":\"FAQPage\",\"mainEntity\":[{\"@type\":\"Question\",\"name\":\"Comment vu00e9rifier la croissance du00e9mographique du2019une commune ?\",\"acceptedAnswer\":{\"@type\":\"Answer\",\"text\":\"Consulte les donnu00e9es INSEE pour la commune ou la page du00e9diu00e9e sur mairies-online.com ; tu y trouveras lu2019u00e9volution annuelle et les projections.\"}},{\"@type\":\"Question\",\"name\":\"Quels investissements locaux attirent le plus de nouveaux habitants ?\",\"acceptedAnswer\":{\"@type\":\"Answer\",\"text\":\"Transports, cru00e8che, u00e9cole et zones du2019activitu00e9s : ce sont les leviers qui montrent le meilleur retour sur attractivitu00e9.\"}},{\"@type\":\"Question\",\"name\":\"La ru00e9novation du centre-bourg est-elle rentable ?\",\"acceptedAnswer\":{\"@type\":\"Answer\",\"text\":\"Oui si elle su2019accompagne du2019un plan commerces, du2019un calendrier du2019habitat et du2019un soutien aux petites entreprises locales.\"}}]}\n<\/script>\n<h3>Comment v\u00e9rifier la croissance d\u00e9mographique d\u2019une commune ?<\/h3>\n<p>Consulte les donn\u00e9es INSEE pour la commune ou la page d\u00e9di\u00e9e sur mairies-online.com ; tu y trouveras l\u2019\u00e9volution annuelle et les projections.<\/p>\n<h3>Quels investissements locaux attirent le plus de nouveaux habitants ?<\/h3>\n<p>Transports, cr\u00e8che, \u00e9cole et zones d\u2019activit\u00e9s : ce sont les leviers qui montrent le meilleur retour sur attractivit\u00e9.<\/p>\n<h3>La r\u00e9novation du centre-bourg est-elle rentable ?<\/h3>\n<p>Oui si elle s\u2019accompagne d\u2019un plan commerces, d\u2019un calendrier d\u2019habitat et d\u2019un soutien aux petites entreprises locales.<\/p>\n\n","protected":false},"excerpt":{"rendered":"<p>Ce village fran\u00e7ais attire 300 nouveaux habitants par an et \u00e7a change tout : commerces qui rouvrent, \u00e9coles qui grossissent et loyers qui restent raisonnables. Tu vas voir comment, avec des chiffres et des exemples concrets, une strat\u00e9gie locale transforme le cadre de vie. Commune Croissance annuelle moyenne Atout principal La Chapelle-sur-Erdre (44) +300 hab\/an &#8230; <a title=\"Ce village fran\u00e7ais attire 300 nouveaux habitants par an, pourquoi\" class=\"read-more\" href=\"https:\/\/mairies-online.com\/blog\/village-francais-nouveaux-habitants\/\" aria-label=\"En savoir plus sur Ce village fran\u00e7ais attire 300 nouveaux habitants par an, pourquoi\">Lire la suite<\/a><\/p>\n","protected":false},"author":6,"featured_media":8763,"comment_status":"","ping_status":"","sticky":false,"template":"","format":"standard","meta":{"footnotes":""},"categories":[1],"tags":[24162,24159,24160,24161,24158],"class_list":["post-8759","post","type-post","status-publish","format-standard","has-post-thumbnail","hentry","category-actualites","tag-attractivite-des-villages","tag-croissance-demographique","tag-nouveaux-habitants","tag-population-rurale","tag-village-francais"],"yoast_head":"<!-- This site is optimized with the Yoast SEO plugin v27.5 - https:\/\/yoast.com\/product\/yoast-seo-wordpress\/ -->\n<title>Ce village fran\u00e7ais attire 300 nouveaux habitants par an, pourquoi -<\/title>\n<meta name=\"description\" content=\"D\u00e9couvrez pourquoi ce village fran\u00e7ais s\u00e9duit et attire chaque ann\u00e9e 300 nouveaux habitants. Un cadre de vie id\u00e9al et des opportunit\u00e9s uniques.\" \/>\n<meta name=\"robots\" content=\"index, follow, max-snippet:-1, max-image-preview:large, max-video-preview:-1\" \/>\n<link rel=\"canonical\" href=\"https:\/\/mairies-online.com\/blog\/village-francais-nouveaux-habitants\/\" \/>\n<meta property=\"og:locale\" content=\"fr_FR\" \/>\n<meta property=\"og:type\" content=\"article\" \/>\n<meta property=\"og:title\" content=\"Ce village fran\u00e7ais attire 300 nouveaux habitants par an, pourquoi -\" \/>\n<meta property=\"og:description\" content=\"D\u00e9couvrez pourquoi ce village fran\u00e7ais s\u00e9duit et attire chaque ann\u00e9e 300 nouveaux habitants. Un cadre de vie id\u00e9al et des opportunit\u00e9s uniques.\" \/>\n<meta property=\"og:url\" content=\"https:\/\/mairies-online.com\/blog\/village-francais-nouveaux-habitants\/\" \/>\n<meta property=\"article:published_time\" content=\"2026-04-06T06:39:14+00:00\" \/>\n<meta name=\"author\" content=\"Adam Fontaine\" \/>\n<meta name=\"twitter:card\" content=\"summary_large_image\" \/>\n<meta name=\"twitter:label1\" content=\"\u00c9crit par\" \/>\n\t<meta name=\"twitter:data1\" content=\"Adam Fontaine\" \/>\n\t<meta name=\"twitter:label2\" content=\"Dur\u00e9e de lecture estim\u00e9e\" \/>\n\t<meta name=\"twitter:data2\" content=\"2 minutes\" \/>\n<script type=\"application\/ld+json\" class=\"yoast-schema-graph\">{\"@context\":\"https:\\\/\\\/schema.org\",\"@graph\":[{\"@type\":\"Article\",\"@id\":\"https:\\\/\\\/mairies-online.com\\\/blog\\\/village-francais-nouveaux-habitants\\\/#article\",\"isPartOf\":{\"@id\":\"https:\\\/\\\/mairies-online.com\\\/blog\\\/village-francais-nouveaux-habitants\\\/\"},\"author\":{\"name\":\"Adam Fontaine\",\"@id\":\"https:\\\/\\\/mairies-online.com\\\/blog\\\/#\\\/schema\\\/person\\\/097040a69656d16bed374eff911b37d7\",\"@type\":\"Person\"},\"headline\":\"Ce village fran\u00e7ais attire 300 nouveaux habitants par an, pourquoi\",\"datePublished\":\"2026-04-06T06:39:14+00:00\",\"mainEntityOfPage\":{\"@id\":\"https:\\\/\\\/mairies-online.com\\\/blog\\\/village-francais-nouveaux-habitants\\\/\"},\"wordCount\":452,\"image\":{\"@id\":\"https:\\\/\\\/mairies-online.com\\\/blog\\\/village-francais-nouveaux-habitants\\\/#primaryimage\"},\"thumbnailUrl\":\"https:\\\/\\\/mairies-online.com\\\/blog\\\/wp-content\\\/uploads\\\/2026\\\/04\\\/Ce-village-francais-attire-300-nouveaux-habitants-par-an-pourquoi.jpg\",\"keywords\":[\"attractivit\u00e9 des villages\",\"croissance d\u00e9mographique\",\"nouveaux habitants\",\"population rurale\",\"village fran\u00e7ais\"],\"articleSection\":[\"Actualit\u00e9s\"],\"inLanguage\":\"fr-FR\",\"isAccessibleForFree\":true,\"dateModified\":\"2026-04-06T06:39:14+00:00\"},{\"@type\":\"WebPage\",\"@id\":\"https:\\\/\\\/mairies-online.com\\\/blog\\\/village-francais-nouveaux-habitants\\\/\",\"url\":\"https:\\\/\\\/mairies-online.com\\\/blog\\\/village-francais-nouveaux-habitants\\\/\",\"name\":\"Ce village fran\u00e7ais attire 300 nouveaux habitants par an, pourquoi -\",\"isPartOf\":{\"@id\":\"https:\\\/\\\/mairies-online.com\\\/blog\\\/#website\"},\"primaryImageOfPage\":{\"@id\":\"https:\\\/\\\/mairies-online.com\\\/blog\\\/village-francais-nouveaux-habitants\\\/#primaryimage\"},\"image\":{\"@id\":\"https:\\\/\\\/mairies-online.com\\\/blog\\\/village-francais-nouveaux-habitants\\\/#primaryimage\"},\"thumbnailUrl\":\"https:\\\/\\\/mairies-online.com\\\/blog\\\/wp-content\\\/uploads\\\/2026\\\/04\\\/Ce-village-francais-attire-300-nouveaux-habitants-par-an-pourquoi.jpg\",\"datePublished\":\"2026-04-06T06:39:14+00:00\",\"author\":{\"@id\":\"https:\\\/\\\/mairies-online.com\\\/blog\\\/#\\\/schema\\\/person\\\/097040a69656d16bed374eff911b37d7\"},\"description\":\"D\u00e9couvrez pourquoi ce village fran\u00e7ais s\u00e9duit et attire chaque ann\u00e9e 300 nouveaux habitants. Un cadre de vie id\u00e9al et des opportunit\u00e9s uniques.\",\"breadcrumb\":{\"@id\":\"https:\\\/\\\/mairies-online.com\\\/blog\\\/village-francais-nouveaux-habitants\\\/#breadcrumb\"},\"inLanguage\":\"fr-FR\",\"potentialAction\":[{\"@type\":\"ReadAction\",\"target\":[\"https:\\\/\\\/mairies-online.com\\\/blog\\\/village-francais-nouveaux-habitants\\\/\"]}]},{\"@type\":\"ImageObject\",\"inLanguage\":\"fr-FR\",\"@id\":\"https:\\\/\\\/mairies-online.com\\\/blog\\\/village-francais-nouveaux-habitants\\\/#primaryimage\",\"url\":\"https:\\\/\\\/mairies-online.com\\\/blog\\\/wp-content\\\/uploads\\\/2026\\\/04\\\/Ce-village-francais-attire-300-nouveaux-habitants-par-an-pourquoi.jpg\",\"contentUrl\":\"https:\\\/\\\/mairies-online.com\\\/blog\\\/wp-content\\\/uploads\\\/2026\\\/04\\\/Ce-village-francais-attire-300-nouveaux-habitants-par-an-pourquoi.jpg\",\"width\":1344,\"height\":768,\"caption\":\"d\u00e9couvrez pourquoi ce village fran\u00e7ais gagne 300 nouveaux habitants chaque ann\u00e9e et ce qui le rend si attractif.\"},{\"@type\":\"BreadcrumbList\",\"@id\":\"https:\\\/\\\/mairies-online.com\\\/blog\\\/village-francais-nouveaux-habitants\\\/#breadcrumb\",\"itemListElement\":[{\"@type\":\"ListItem\",\"position\":1,\"name\":\"Home\",\"item\":\"https:\\\/\\\/mairies-online.com\\\/blog\\\/\"},{\"@type\":\"ListItem\",\"position\":2,\"name\":\"Ce village fran\u00e7ais attire 300 nouveaux habitants par an, pourquoi\"}]},{\"@type\":\"WebSite\",\"@id\":\"https:\\\/\\\/mairies-online.com\\\/blog\\\/#website\",\"url\":\"https:\\\/\\\/mairies-online.com\\\/blog\\\/\",\"name\":\"\",\"description\":\"\",\"potentialAction\":[{\"@type\":\"SearchAction\",\"target\":{\"@type\":\"EntryPoint\",\"urlTemplate\":\"https:\\\/\\\/mairies-online.com\\\/blog\\\/?s={search_term_string}\"},\"query-input\":{\"@type\":\"PropertyValueSpecification\",\"valueRequired\":true,\"valueName\":\"search_term_string\"}}],\"inLanguage\":\"fr-FR\"},{\"@type\":\"Person\",\"@id\":\"https:\\\/\\\/mairies-online.com\\\/blog\\\/#\\\/schema\\\/person\\\/097040a69656d16bed374eff911b37d7\",\"name\":\"Adam Fontaine\",\"image\":{\"@type\":\"ImageObject\",\"inLanguage\":\"fr-FR\",\"@id\":\"https:\\\/\\\/mairies-online.com\\\/blog\\\/wp-content\\\/uploads\\\/2026\\\/03\\\/user-avatar-96x96.jpg\",\"url\":\"https:\\\/\\\/mairies-online.com\\\/blog\\\/wp-content\\\/uploads\\\/2026\\\/03\\\/user-avatar-96x96.jpg\",\"contentUrl\":\"https:\\\/\\\/mairies-online.com\\\/blog\\\/wp-content\\\/uploads\\\/2026\\\/03\\\/user-avatar-96x96.jpg\",\"caption\":\"Adam Fontaine\"},\"description\":\"Journaliste sp\u00e9cialis\u00e9 en collectivit\u00e9s territoriales et politiques publiques locales depuis plus de 15 ans. Ancien attach\u00e9 territorial, Adam Fontaine couvre l'actualit\u00e9 des mairies, intercommunalit\u00e9s et services publics de proximit\u00e9. Expert en finances locales, urbanisme et action sociale communale, il d\u00e9crypte les dispositifs d'aide, les r\u00e9formes institutionnelles et les enjeux du quotidien des administr\u00e9s. Ses analyses s'appuient sur une connaissance approfondie du terrain et des sources officielles (DGCL, AMF, Cour des comptes). Contributeur r\u00e9gulier de Mairies Online depuis 2019.\",\"url\":\"https:\\\/\\\/mairies-online.com\\\/blog\\\/author\\\/adam-fontaine-48\\\/\"}]}<\/script>\n<!-- \/ Yoast SEO plugin. -->","yoast_head_json":{"title":"Ce village fran\u00e7ais attire 300 nouveaux habitants par an, pourquoi -","description":"D\u00e9couvrez pourquoi ce village fran\u00e7ais s\u00e9duit et attire chaque ann\u00e9e 300 nouveaux habitants. Un cadre de vie id\u00e9al et des opportunit\u00e9s uniques.","robots":{"index":"index","follow":"follow","max-snippet":"max-snippet:-1","max-image-preview":"max-image-preview:large","max-video-preview":"max-video-preview:-1"},"canonical":"https:\/\/mairies-online.com\/blog\/village-francais-nouveaux-habitants\/","og_locale":"fr_FR","og_type":"article","og_title":"Ce village fran\u00e7ais attire 300 nouveaux habitants par an, pourquoi -","og_description":"D\u00e9couvrez pourquoi ce village fran\u00e7ais s\u00e9duit et attire chaque ann\u00e9e 300 nouveaux habitants. Un cadre de vie id\u00e9al et des opportunit\u00e9s uniques.","og_url":"https:\/\/mairies-online.com\/blog\/village-francais-nouveaux-habitants\/","article_published_time":"2026-04-06T06:39:14+00:00","author":"Adam Fontaine","twitter_card":"summary_large_image","twitter_misc":{"\u00c9crit par":"Adam Fontaine","Dur\u00e9e de lecture estim\u00e9e":"2 minutes"},"schema":{"@context":"https:\/\/schema.org","@graph":[{"@type":"Article","@id":"https:\/\/mairies-online.com\/blog\/village-francais-nouveaux-habitants\/#article","isPartOf":{"@id":"https:\/\/mairies-online.com\/blog\/village-francais-nouveaux-habitants\/"},"author":{"name":"Adam Fontaine","@id":"https:\/\/mairies-online.com\/blog\/#\/schema\/person\/097040a69656d16bed374eff911b37d7","@type":"Person"},"headline":"Ce village fran\u00e7ais attire 300 nouveaux habitants par an, pourquoi","datePublished":"2026-04-06T06:39:14+00:00","mainEntityOfPage":{"@id":"https:\/\/mairies-online.com\/blog\/village-francais-nouveaux-habitants\/"},"wordCount":452,"image":{"@id":"https:\/\/mairies-online.com\/blog\/village-francais-nouveaux-habitants\/#primaryimage"},"thumbnailUrl":"https:\/\/mairies-online.com\/blog\/wp-content\/uploads\/2026\/04\/Ce-village-francais-attire-300-nouveaux-habitants-par-an-pourquoi.jpg","keywords":["attractivit\u00e9 des villages","croissance d\u00e9mographique","nouveaux habitants","population rurale","village fran\u00e7ais"],"articleSection":["Actualit\u00e9s"],"inLanguage":"fr-FR","isAccessibleForFree":true,"dateModified":"2026-04-06T06:39:14+00:00"},{"@type":"WebPage","@id":"https:\/\/mairies-online.com\/blog\/village-francais-nouveaux-habitants\/","url":"https:\/\/mairies-online.com\/blog\/village-francais-nouveaux-habitants\/","name":"Ce village fran\u00e7ais attire 300 nouveaux habitants par an, pourquoi -","isPartOf":{"@id":"https:\/\/mairies-online.com\/blog\/#website"},"primaryImageOfPage":{"@id":"https:\/\/mairies-online.com\/blog\/village-francais-nouveaux-habitants\/#primaryimage"},"image":{"@id":"https:\/\/mairies-online.com\/blog\/village-francais-nouveaux-habitants\/#primaryimage"},"thumbnailUrl":"https:\/\/mairies-online.com\/blog\/wp-content\/uploads\/2026\/04\/Ce-village-francais-attire-300-nouveaux-habitants-par-an-pourquoi.jpg","datePublished":"2026-04-06T06:39:14+00:00","author":{"@id":"https:\/\/mairies-online.com\/blog\/#\/schema\/person\/097040a69656d16bed374eff911b37d7"},"description":"D\u00e9couvrez pourquoi ce village fran\u00e7ais s\u00e9duit et attire chaque ann\u00e9e 300 nouveaux habitants. Un cadre de vie id\u00e9al et des opportunit\u00e9s uniques.","breadcrumb":{"@id":"https:\/\/mairies-online.com\/blog\/village-francais-nouveaux-habitants\/#breadcrumb"},"inLanguage":"fr-FR","potentialAction":[{"@type":"ReadAction","target":["https:\/\/mairies-online.com\/blog\/village-francais-nouveaux-habitants\/"]}]},{"@type":"ImageObject","inLanguage":"fr-FR","@id":"https:\/\/mairies-online.com\/blog\/village-francais-nouveaux-habitants\/#primaryimage","url":"https:\/\/mairies-online.com\/blog\/wp-content\/uploads\/2026\/04\/Ce-village-francais-attire-300-nouveaux-habitants-par-an-pourquoi.jpg","contentUrl":"https:\/\/mairies-online.com\/blog\/wp-content\/uploads\/2026\/04\/Ce-village-francais-attire-300-nouveaux-habitants-par-an-pourquoi.jpg","width":1344,"height":768,"caption":"d\u00e9couvrez pourquoi ce village fran\u00e7ais gagne 300 nouveaux habitants chaque ann\u00e9e et ce qui le rend si attractif."},{"@type":"BreadcrumbList","@id":"https:\/\/mairies-online.com\/blog\/village-francais-nouveaux-habitants\/#breadcrumb","itemListElement":[{"@type":"ListItem","position":1,"name":"Home","item":"https:\/\/mairies-online.com\/blog\/"},{"@type":"ListItem","position":2,"name":"Ce village fran\u00e7ais attire 300 nouveaux habitants par an, pourquoi"}]},{"@type":"WebSite","@id":"https:\/\/mairies-online.com\/blog\/#website","url":"https:\/\/mairies-online.com\/blog\/","name":"","description":"","potentialAction":[{"@type":"SearchAction","target":{"@type":"EntryPoint","urlTemplate":"https:\/\/mairies-online.com\/blog\/?s={search_term_string}"},"query-input":{"@type":"PropertyValueSpecification","valueRequired":true,"valueName":"search_term_string"}}],"inLanguage":"fr-FR"},{"@type":"Person","@id":"https:\/\/mairies-online.com\/blog\/#\/schema\/person\/097040a69656d16bed374eff911b37d7","name":"Adam Fontaine","image":{"@type":"ImageObject","inLanguage":"fr-FR","@id":"https:\/\/mairies-online.com\/blog\/wp-content\/uploads\/2026\/03\/user-avatar-96x96.jpg","url":"https:\/\/mairies-online.com\/blog\/wp-content\/uploads\/2026\/03\/user-avatar-96x96.jpg","contentUrl":"https:\/\/mairies-online.com\/blog\/wp-content\/uploads\/2026\/03\/user-avatar-96x96.jpg","caption":"Adam Fontaine"},"description":"Journaliste sp\u00e9cialis\u00e9 en collectivit\u00e9s territoriales et politiques publiques locales depuis plus de 15 ans. Ancien attach\u00e9 territorial, Adam Fontaine couvre l'actualit\u00e9 des mairies, intercommunalit\u00e9s et services publics de proximit\u00e9. Expert en finances locales, urbanisme et action sociale communale, il d\u00e9crypte les dispositifs d'aide, les r\u00e9formes institutionnelles et les enjeux du quotidien des administr\u00e9s. Ses analyses s'appuient sur une connaissance approfondie du terrain et des sources officielles (DGCL, AMF, Cour des comptes). Contributeur r\u00e9gulier de Mairies Online depuis 2019.","url":"https:\/\/mairies-online.com\/blog\/author\/adam-fontaine-48\/"}]}},"views":237,"_links":{"self":[{"href":"https:\/\/mairies-online.com\/blog\/wp-json\/wp\/v2\/posts\/8759","targetHints":{"allow":["GET"]}}],"collection":[{"href":"https:\/\/mairies-online.com\/blog\/wp-json\/wp\/v2\/posts"}],"about":[{"href":"https:\/\/mairies-online.com\/blog\/wp-json\/wp\/v2\/types\/post"}],"author":[{"embeddable":true,"href":"https:\/\/mairies-online.com\/blog\/wp-json\/wp\/v2\/users\/6"}],"replies":[{"embeddable":true,"href":"https:\/\/mairies-online.com\/blog\/wp-json\/wp\/v2\/comments?post=8759"}],"version-history":[{"count":0,"href":"https:\/\/mairies-online.com\/blog\/wp-json\/wp\/v2\/posts\/8759\/revisions"}],"wp:featuredmedia":[{"embeddable":true,"href":"https:\/\/mairies-online.com\/blog\/wp-json\/wp\/v2\/media\/8763"}],"wp:attachment":[{"href":"https:\/\/mairies-online.com\/blog\/wp-json\/wp\/v2\/media?parent=8759"}],"wp:term":[{"taxonomy":"category","embeddable":true,"href":"https:\/\/mairies-online.com\/blog\/wp-json\/wp\/v2\/categories?post=8759"},{"taxonomy":"post_tag","embeddable":true,"href":"https:\/\/mairies-online.com\/blog\/wp-json\/wp\/v2\/tags?post=8759"}],"curies":[{"name":"wp","href":"https:\/\/api.w.org\/{rel}","templated":true}]}}