{"id":8758,"date":"2026-04-05T21:01:37","date_gmt":"2026-04-05T21:01:37","guid":{"rendered":"https:\/\/mairies-online.com\/blog\/mairie-fermeture-vendredi\/"},"modified":"2026-04-05T21:01:37","modified_gmt":"2026-04-05T21:01:37","slug":"mairie-fermeture-vendredi","status":"publish","type":"post","link":"https:\/\/mairies-online.com\/blog\/mairie-fermeture-vendredi\/","title":{"rendered":"Pourquoi votre mairie ferme ses portes le vendredi apr\u00e8s-midi"},"content":{"rendered":"<p>Ta mairie a modifi\u00e9 ses horaires : depuis l&rsquo;\u00e9t\u00e9, certaines communes ferment le samedi matin et ouvrent le <strong>vendredi apr\u00e8s-midi<\/strong>. Concr\u00e8tement, \u00e0 Chavanod la bascule s&rsquo;est faite pour r\u00e9\u00e9quilibrer les <strong>heures d&rsquo;ouverture<\/strong> sans r\u00e9duire le <strong>service public<\/strong>.<\/p>\n\n<ul class=\"wp-block-list\"><li><strong>Changement concret :<\/strong> fermeture samedi matin depuis le 12 juillet 2025.<\/li><li><strong>Nouvelle ouverture :<\/strong> vendredi 14h\u201317h \u00e0 partir du 5 septembre 2025.<\/li><li><strong>Volume horaire :<\/strong> 21 h assur\u00e9es hebdo contre 12 h pr\u00e9vues contractuellement.<\/li><li>Objectif : meilleur accueil du public et organisation du travail des agents.<\/li><li>Exemples : Chavanod, Roanne ou Limeil-Brevannes ont d\u00e9j\u00e0 communiqu\u00e9 des fermetures similaires.<\/li><\/ul>\n\n<h2 class=\"wp-block-heading\">Pourquoi ta mairie ferme le vendredi apr\u00e8s-midi et pas pour faire gr\u00e8ve<\/h2>\n\n<p>Le changement vise l&rsquo;<strong>organisation<\/strong> interne et la qualit\u00e9 de l&rsquo;<strong>accueil du public<\/strong>. \u00c0 Chavanod, le maire Franck Bogey a expliqu\u00e9 que le samedi matin servait surtout l\u2019agence postale et que l\u2019\u00e9quipe cumulait 21 heures d\u2019ouverture r\u00e9elles pour un contrat de 12 heures. Le passage au vendredi apr\u00e8s-midi permet de pr\u00e9server les services sans alourdir les astreintes. R\u00e9sultat : les d\u00e9marches (\u00e9tat civil, urbanisme) restent accessibles.<\/p>\n\n<h2 class=\"wp-block-heading\">Quel impact pour les usagers : exemples et horaires<\/h2>\n\n<p>Voici le tableau type adopt\u00e9 par plusieurs communes et celui officiellement publi\u00e9 par la mairie de Chavanod, utile pour savoir quand venir.<\/p>\n\n<figure class=\"wp-block-table\"><table>\n<thead>\n<tr>\n<th>Jour<\/th>\n<th>Matin<\/th>\n<th>Apr\u00e8s-midi<\/th>\n<\/tr>\n<\/thead>\n<tbody>\n<tr>\n<td><strong>Lundi<\/strong><\/td>\n<td>8h30\u201312h00<\/td>\n<td>14h00\u201317h00<\/td>\n<\/tr>\n<tr>\n<td><strong>Mardi<\/strong><\/td>\n<td>8h30\u201312h00<\/td>\n<td>Ferm\u00e9<\/td>\n<\/tr>\n<tr>\n<td><strong>Vendredi<\/strong><\/td>\n<td>8h30\u201312h00<\/td>\n<td>14h00\u201317h00<\/td>\n<\/tr>\n<\/tbody>\n<\/table><\/figure>\n\n<h2 class=\"wp-block-heading\">Et si ta mairie annonce une fermeture exceptionnelle ?<\/h2>\n\n<p>Les fermetures peuvent \u00eatre temporaires : coupure d&rsquo;\u00e9lectricit\u00e9 \u00e0 Limeil-Brevannes, arr\u00eat pour maintenance, ou mobilisation collective comme dans le Cher. Pour un vendredi apr\u00e8s-midi ferm\u00e9 de fa\u00e7on ponctuelle, v\u00e9rifie l&rsquo;affichage municipal ou le panneau num\u00e9rique. Si tu veux un exemple de communiqu\u00e9 local, consulte l&rsquo;annonce officielle de Chavanod ou les retours de presse sur des fermetures group\u00e9es.<\/p>\n\n<p>Tu veux v\u00e9rifier les horaires ou une <strong>fermerture exceptionnelle<\/strong> pr\u00e8s de chez toi ? Consulte la page d\u00e9di\u00e9e aux horaires de Chavanod pour t&rsquo;inspirer et retrouve les informations actualis\u00e9es de ta commune sur <a href=\"https:\/\/www.chavanod.fr\/changement-des-horaires-douverture-de-la-mairie-a-partir-de-septembre\/\" rel=\"nofollow\">le communiqu\u00e9 de Chavanod<\/a> ou les exemples de fermetures publi\u00e9s par la presse <a href=\"https:\/\/www.tf1info.fr\/societe\/video-tf1-c-est-tres-bien-qu-elles-marquent-le-coup-pourquoi-32-mairies-du-cher-ferment-leurs-portes-jusqu-a-vendredi-2326498.html\" rel=\"nofollow\">sur TF1<\/a>. Pour trouver vite les horaires et les modalit\u00e9s pour ta propre mairie, rends-toi sur mairies-online.com : tu gagnes du temps et tu sais exactement quand l&rsquo;administration locale t&rsquo;accueille.<\/p>\n\n<script type=\"application\/ld+json\">\n{\"@context\":\"https:\/\/schema.org\",\"@type\":\"FAQPage\",\"mainEntity\":[{\"@type\":\"Question\",\"name\":\"Pourquoi certaines mairies suppriment le samedi matin ?\",\"acceptedAnswer\":{\"@type\":\"Answer\",\"text\":\"Souvent pour ru00e9u00e9quilibrer le temps de travail des agents et maintenir le mu00eame volume du2019heures du2019ouverture, en du00e9plau00e7ant lu2019accueil vers le vendredi apru00e8s-midi.\"}},{\"@type\":\"Question\",\"name\":\"Comment u00eatre su00fbr quu2019une fermeture est du00e9finitive ou exceptionnelle ?\",\"acceptedAnswer\":{\"@type\":\"Answer\",\"text\":\"Vu00e9rifie les communiquu00e9s officiels sur le site de la mairie, le panneau d'affichage ou les annonces locales ; les fermetures exceptionnelles sont datu00e9es et motivu00e9es.\"}},{\"@type\":\"Question\",\"name\":\"Que faire si tu as une urgence administrative pendant la fermeture ?\",\"acceptedAnswer\":{\"@type\":\"Answer\",\"text\":\"Contacte la mairie via le numu00e9ro affichu00e9, le service du2019astreinte si existant, ou consulte mairies-online.com pour trouver les permanences alentours.\"}}]}\n<\/script>\n<h3>Pourquoi certaines mairies suppriment le samedi matin ?<\/h3>\n<p>Souvent pour r\u00e9\u00e9quilibrer le temps de travail des agents et maintenir le m\u00eame volume d\u2019heures d\u2019ouverture, en d\u00e9pla\u00e7ant l\u2019accueil vers le vendredi apr\u00e8s-midi.<\/p>\n<h3>Comment \u00eatre s\u00fbr qu\u2019une fermeture est d\u00e9finitive ou exceptionnelle ?<\/h3>\n<p>V\u00e9rifie les communiqu\u00e9s officiels sur le site de la mairie, le panneau d&rsquo;affichage ou les annonces locales ; les fermetures exceptionnelles sont dat\u00e9es et motiv\u00e9es.<\/p>\n<h3>Que faire si tu as une urgence administrative pendant la fermeture ?<\/h3>\n<p>Contacte la mairie via le num\u00e9ro affich\u00e9, le service d\u2019astreinte si existant, ou consulte mairies-online.com pour trouver les permanences alentours.<\/p>\n\n","protected":false},"excerpt":{"rendered":"<p>Ta mairie a modifi\u00e9 ses horaires : depuis l&rsquo;\u00e9t\u00e9, certaines communes ferment le samedi matin et ouvrent le vendredi apr\u00e8s-midi. Concr\u00e8tement, \u00e0 Chavanod la bascule s&rsquo;est faite pour r\u00e9\u00e9quilibrer les heures d&rsquo;ouverture sans r\u00e9duire le service public. Pourquoi ta mairie ferme le vendredi apr\u00e8s-midi et pas pour faire gr\u00e8ve Le changement vise l&rsquo;organisation interne et &#8230; <a title=\"Pourquoi votre mairie ferme ses portes le vendredi apr\u00e8s-midi\" class=\"read-more\" href=\"https:\/\/mairies-online.com\/blog\/mairie-fermeture-vendredi\/\" aria-label=\"En savoir plus sur Pourquoi votre mairie ferme ses portes le vendredi apr\u00e8s-midi\">Lire la suite<\/a><\/p>\n","protected":false},"author":6,"featured_media":8764,"comment_status":"","ping_status":"","sticky":false,"template":"","format":"standard","meta":{"footnotes":""},"categories":[1],"tags":[24155,24103,22861,24157,24156],"class_list":["post-8758","post","type-post","status-publish","format-standard","has-post-thumbnail","hentry","category-actualites","tag-fermeture-mairie","tag-horaires-mairie","tag-mairie","tag-service-public","tag-vendredi-apres-midi"],"yoast_head":"<!-- This site is optimized with the Yoast SEO plugin v27.5 - https:\/\/yoast.com\/product\/yoast-seo-wordpress\/ -->\n<title>Pourquoi votre mairie ferme ses portes le vendredi apr\u00e8s-midi -<\/title>\n<meta name=\"description\" content=\"D\u00e9couvrez pourquoi votre mairie ferme ses portes le vendredi apr\u00e8s-midi et comment cela impacte vos d\u00e9marches administratives.\" \/>\n<meta name=\"robots\" content=\"index, follow, max-snippet:-1, max-image-preview:large, max-video-preview:-1\" \/>\n<link rel=\"canonical\" href=\"https:\/\/mairies-online.com\/blog\/mairie-fermeture-vendredi\/\" \/>\n<meta property=\"og:locale\" content=\"fr_FR\" \/>\n<meta property=\"og:type\" content=\"article\" \/>\n<meta property=\"og:title\" content=\"Pourquoi votre mairie ferme ses portes le vendredi apr\u00e8s-midi -\" \/>\n<meta property=\"og:description\" content=\"D\u00e9couvrez pourquoi votre mairie ferme ses portes le vendredi apr\u00e8s-midi et comment cela impacte vos d\u00e9marches administratives.\" \/>\n<meta property=\"og:url\" content=\"https:\/\/mairies-online.com\/blog\/mairie-fermeture-vendredi\/\" \/>\n<meta property=\"article:published_time\" content=\"2026-04-05T21:01:37+00:00\" \/>\n<meta name=\"author\" content=\"Adam Fontaine\" \/>\n<meta name=\"twitter:card\" content=\"summary_large_image\" \/>\n<meta name=\"twitter:label1\" content=\"\u00c9crit par\" \/>\n\t<meta name=\"twitter:data1\" content=\"Adam Fontaine\" \/>\n\t<meta name=\"twitter:label2\" content=\"Dur\u00e9e de lecture estim\u00e9e\" \/>\n\t<meta name=\"twitter:data2\" content=\"2 minutes\" \/>\n<script type=\"application\/ld+json\" class=\"yoast-schema-graph\">{\"@context\":\"https:\\\/\\\/schema.org\",\"@graph\":[{\"@type\":\"Article\",\"@id\":\"https:\\\/\\\/mairies-online.com\\\/blog\\\/mairie-fermeture-vendredi\\\/#article\",\"isPartOf\":{\"@id\":\"https:\\\/\\\/mairies-online.com\\\/blog\\\/mairie-fermeture-vendredi\\\/\"},\"author\":{\"name\":\"Adam Fontaine\",\"@id\":\"https:\\\/\\\/mairies-online.com\\\/blog\\\/#\\\/schema\\\/person\\\/097040a69656d16bed374eff911b37d7\",\"@type\":\"Person\"},\"headline\":\"Pourquoi votre mairie ferme ses portes le vendredi apr\u00e8s-midi\",\"datePublished\":\"2026-04-05T21:01:37+00:00\",\"mainEntityOfPage\":{\"@id\":\"https:\\\/\\\/mairies-online.com\\\/blog\\\/mairie-fermeture-vendredi\\\/\"},\"wordCount\":495,\"image\":{\"@id\":\"https:\\\/\\\/mairies-online.com\\\/blog\\\/mairie-fermeture-vendredi\\\/#primaryimage\"},\"thumbnailUrl\":\"https:\\\/\\\/mairies-online.com\\\/blog\\\/wp-content\\\/uploads\\\/2026\\\/04\\\/Pourquoi-votre-mairie-ferme-ses-portes-le-vendredi-apres-midi.jpg\",\"keywords\":[\"fermeture mairie\",\"horaires mairie\",\"mairie\",\"service public\",\"vendredi apr\u00e8s-midi\"],\"articleSection\":[\"Actualit\u00e9s\"],\"inLanguage\":\"fr-FR\",\"isAccessibleForFree\":true,\"dateModified\":\"2026-04-05T21:01:37+00:00\"},{\"@type\":\"WebPage\",\"@id\":\"https:\\\/\\\/mairies-online.com\\\/blog\\\/mairie-fermeture-vendredi\\\/\",\"url\":\"https:\\\/\\\/mairies-online.com\\\/blog\\\/mairie-fermeture-vendredi\\\/\",\"name\":\"Pourquoi votre mairie ferme ses portes le vendredi apr\u00e8s-midi -\",\"isPartOf\":{\"@id\":\"https:\\\/\\\/mairies-online.com\\\/blog\\\/#website\"},\"primaryImageOfPage\":{\"@id\":\"https:\\\/\\\/mairies-online.com\\\/blog\\\/mairie-fermeture-vendredi\\\/#primaryimage\"},\"image\":{\"@id\":\"https:\\\/\\\/mairies-online.com\\\/blog\\\/mairie-fermeture-vendredi\\\/#primaryimage\"},\"thumbnailUrl\":\"https:\\\/\\\/mairies-online.com\\\/blog\\\/wp-content\\\/uploads\\\/2026\\\/04\\\/Pourquoi-votre-mairie-ferme-ses-portes-le-vendredi-apres-midi.jpg\",\"datePublished\":\"2026-04-05T21:01:37+00:00\",\"author\":{\"@id\":\"https:\\\/\\\/mairies-online.com\\\/blog\\\/#\\\/schema\\\/person\\\/097040a69656d16bed374eff911b37d7\"},\"description\":\"D\u00e9couvrez pourquoi votre mairie ferme ses portes le vendredi apr\u00e8s-midi et comment cela impacte vos d\u00e9marches administratives.\",\"breadcrumb\":{\"@id\":\"https:\\\/\\\/mairies-online.com\\\/blog\\\/mairie-fermeture-vendredi\\\/#breadcrumb\"},\"inLanguage\":\"fr-FR\",\"potentialAction\":[{\"@type\":\"ReadAction\",\"target\":[\"https:\\\/\\\/mairies-online.com\\\/blog\\\/mairie-fermeture-vendredi\\\/\"]}]},{\"@type\":\"ImageObject\",\"inLanguage\":\"fr-FR\",\"@id\":\"https:\\\/\\\/mairies-online.com\\\/blog\\\/mairie-fermeture-vendredi\\\/#primaryimage\",\"url\":\"https:\\\/\\\/mairies-online.com\\\/blog\\\/wp-content\\\/uploads\\\/2026\\\/04\\\/Pourquoi-votre-mairie-ferme-ses-portes-le-vendredi-apres-midi.jpg\",\"contentUrl\":\"https:\\\/\\\/mairies-online.com\\\/blog\\\/wp-content\\\/uploads\\\/2026\\\/04\\\/Pourquoi-votre-mairie-ferme-ses-portes-le-vendredi-apres-midi.jpg\",\"width\":1344,\"height\":768,\"caption\":\"d\u00e9couvrez pourquoi votre mairie est ferm\u00e9e le vendredi apr\u00e8s-midi et les raisons derri\u00e8re cet horaire afin de mieux organiser vos d\u00e9marches administratives.\"},{\"@type\":\"BreadcrumbList\",\"@id\":\"https:\\\/\\\/mairies-online.com\\\/blog\\\/mairie-fermeture-vendredi\\\/#breadcrumb\",\"itemListElement\":[{\"@type\":\"ListItem\",\"position\":1,\"name\":\"Home\",\"item\":\"https:\\\/\\\/mairies-online.com\\\/blog\\\/\"},{\"@type\":\"ListItem\",\"position\":2,\"name\":\"Pourquoi votre mairie ferme ses portes le vendredi apr\u00e8s-midi\"}]},{\"@type\":\"WebSite\",\"@id\":\"https:\\\/\\\/mairies-online.com\\\/blog\\\/#website\",\"url\":\"https:\\\/\\\/mairies-online.com\\\/blog\\\/\",\"name\":\"\",\"description\":\"\",\"potentialAction\":[{\"@type\":\"SearchAction\",\"target\":{\"@type\":\"EntryPoint\",\"urlTemplate\":\"https:\\\/\\\/mairies-online.com\\\/blog\\\/?s={search_term_string}\"},\"query-input\":{\"@type\":\"PropertyValueSpecification\",\"valueRequired\":true,\"valueName\":\"search_term_string\"}}],\"inLanguage\":\"fr-FR\"},{\"@type\":\"Person\",\"@id\":\"https:\\\/\\\/mairies-online.com\\\/blog\\\/#\\\/schema\\\/person\\\/097040a69656d16bed374eff911b37d7\",\"name\":\"Adam Fontaine\",\"image\":{\"@type\":\"ImageObject\",\"inLanguage\":\"fr-FR\",\"@id\":\"https:\\\/\\\/mairies-online.com\\\/blog\\\/wp-content\\\/uploads\\\/2026\\\/03\\\/user-avatar-96x96.jpg\",\"url\":\"https:\\\/\\\/mairies-online.com\\\/blog\\\/wp-content\\\/uploads\\\/2026\\\/03\\\/user-avatar-96x96.jpg\",\"contentUrl\":\"https:\\\/\\\/mairies-online.com\\\/blog\\\/wp-content\\\/uploads\\\/2026\\\/03\\\/user-avatar-96x96.jpg\",\"caption\":\"Adam Fontaine\"},\"description\":\"Journaliste sp\u00e9cialis\u00e9 en collectivit\u00e9s territoriales et politiques publiques locales depuis plus de 15 ans. Ancien attach\u00e9 territorial, Adam Fontaine couvre l'actualit\u00e9 des mairies, intercommunalit\u00e9s et services publics de proximit\u00e9. Expert en finances locales, urbanisme et action sociale communale, il d\u00e9crypte les dispositifs d'aide, les r\u00e9formes institutionnelles et les enjeux du quotidien des administr\u00e9s. Ses analyses s'appuient sur une connaissance approfondie du terrain et des sources officielles (DGCL, AMF, Cour des comptes). Contributeur r\u00e9gulier de Mairies Online depuis 2019.\",\"url\":\"https:\\\/\\\/mairies-online.com\\\/blog\\\/author\\\/adam-fontaine-48\\\/\"}]}<\/script>\n<!-- \/ Yoast SEO plugin. -->","yoast_head_json":{"title":"Pourquoi votre mairie ferme ses portes le vendredi apr\u00e8s-midi -","description":"D\u00e9couvrez pourquoi votre mairie ferme ses portes le vendredi apr\u00e8s-midi et comment cela impacte vos d\u00e9marches administratives.","robots":{"index":"index","follow":"follow","max-snippet":"max-snippet:-1","max-image-preview":"max-image-preview:large","max-video-preview":"max-video-preview:-1"},"canonical":"https:\/\/mairies-online.com\/blog\/mairie-fermeture-vendredi\/","og_locale":"fr_FR","og_type":"article","og_title":"Pourquoi votre mairie ferme ses portes le vendredi apr\u00e8s-midi -","og_description":"D\u00e9couvrez pourquoi votre mairie ferme ses portes le vendredi apr\u00e8s-midi et comment cela impacte vos d\u00e9marches administratives.","og_url":"https:\/\/mairies-online.com\/blog\/mairie-fermeture-vendredi\/","article_published_time":"2026-04-05T21:01:37+00:00","author":"Adam Fontaine","twitter_card":"summary_large_image","twitter_misc":{"\u00c9crit par":"Adam Fontaine","Dur\u00e9e de lecture estim\u00e9e":"2 minutes"},"schema":{"@context":"https:\/\/schema.org","@graph":[{"@type":"Article","@id":"https:\/\/mairies-online.com\/blog\/mairie-fermeture-vendredi\/#article","isPartOf":{"@id":"https:\/\/mairies-online.com\/blog\/mairie-fermeture-vendredi\/"},"author":{"name":"Adam Fontaine","@id":"https:\/\/mairies-online.com\/blog\/#\/schema\/person\/097040a69656d16bed374eff911b37d7","@type":"Person"},"headline":"Pourquoi votre mairie ferme ses portes le vendredi apr\u00e8s-midi","datePublished":"2026-04-05T21:01:37+00:00","mainEntityOfPage":{"@id":"https:\/\/mairies-online.com\/blog\/mairie-fermeture-vendredi\/"},"wordCount":495,"image":{"@id":"https:\/\/mairies-online.com\/blog\/mairie-fermeture-vendredi\/#primaryimage"},"thumbnailUrl":"https:\/\/mairies-online.com\/blog\/wp-content\/uploads\/2026\/04\/Pourquoi-votre-mairie-ferme-ses-portes-le-vendredi-apres-midi.jpg","keywords":["fermeture mairie","horaires mairie","mairie","service public","vendredi apr\u00e8s-midi"],"articleSection":["Actualit\u00e9s"],"inLanguage":"fr-FR","isAccessibleForFree":true,"dateModified":"2026-04-05T21:01:37+00:00"},{"@type":"WebPage","@id":"https:\/\/mairies-online.com\/blog\/mairie-fermeture-vendredi\/","url":"https:\/\/mairies-online.com\/blog\/mairie-fermeture-vendredi\/","name":"Pourquoi votre mairie ferme ses portes le vendredi apr\u00e8s-midi -","isPartOf":{"@id":"https:\/\/mairies-online.com\/blog\/#website"},"primaryImageOfPage":{"@id":"https:\/\/mairies-online.com\/blog\/mairie-fermeture-vendredi\/#primaryimage"},"image":{"@id":"https:\/\/mairies-online.com\/blog\/mairie-fermeture-vendredi\/#primaryimage"},"thumbnailUrl":"https:\/\/mairies-online.com\/blog\/wp-content\/uploads\/2026\/04\/Pourquoi-votre-mairie-ferme-ses-portes-le-vendredi-apres-midi.jpg","datePublished":"2026-04-05T21:01:37+00:00","author":{"@id":"https:\/\/mairies-online.com\/blog\/#\/schema\/person\/097040a69656d16bed374eff911b37d7"},"description":"D\u00e9couvrez pourquoi votre mairie ferme ses portes le vendredi apr\u00e8s-midi et comment cela impacte vos d\u00e9marches administratives.","breadcrumb":{"@id":"https:\/\/mairies-online.com\/blog\/mairie-fermeture-vendredi\/#breadcrumb"},"inLanguage":"fr-FR","potentialAction":[{"@type":"ReadAction","target":["https:\/\/mairies-online.com\/blog\/mairie-fermeture-vendredi\/"]}]},{"@type":"ImageObject","inLanguage":"fr-FR","@id":"https:\/\/mairies-online.com\/blog\/mairie-fermeture-vendredi\/#primaryimage","url":"https:\/\/mairies-online.com\/blog\/wp-content\/uploads\/2026\/04\/Pourquoi-votre-mairie-ferme-ses-portes-le-vendredi-apres-midi.jpg","contentUrl":"https:\/\/mairies-online.com\/blog\/wp-content\/uploads\/2026\/04\/Pourquoi-votre-mairie-ferme-ses-portes-le-vendredi-apres-midi.jpg","width":1344,"height":768,"caption":"d\u00e9couvrez pourquoi votre mairie est ferm\u00e9e le vendredi apr\u00e8s-midi et les raisons derri\u00e8re cet horaire afin de mieux organiser vos d\u00e9marches administratives."},{"@type":"BreadcrumbList","@id":"https:\/\/mairies-online.com\/blog\/mairie-fermeture-vendredi\/#breadcrumb","itemListElement":[{"@type":"ListItem","position":1,"name":"Home","item":"https:\/\/mairies-online.com\/blog\/"},{"@type":"ListItem","position":2,"name":"Pourquoi votre mairie ferme ses portes le vendredi apr\u00e8s-midi"}]},{"@type":"WebSite","@id":"https:\/\/mairies-online.com\/blog\/#website","url":"https:\/\/mairies-online.com\/blog\/","name":"","description":"","potentialAction":[{"@type":"SearchAction","target":{"@type":"EntryPoint","urlTemplate":"https:\/\/mairies-online.com\/blog\/?s={search_term_string}"},"query-input":{"@type":"PropertyValueSpecification","valueRequired":true,"valueName":"search_term_string"}}],"inLanguage":"fr-FR"},{"@type":"Person","@id":"https:\/\/mairies-online.com\/blog\/#\/schema\/person\/097040a69656d16bed374eff911b37d7","name":"Adam Fontaine","image":{"@type":"ImageObject","inLanguage":"fr-FR","@id":"https:\/\/mairies-online.com\/blog\/wp-content\/uploads\/2026\/03\/user-avatar-96x96.jpg","url":"https:\/\/mairies-online.com\/blog\/wp-content\/uploads\/2026\/03\/user-avatar-96x96.jpg","contentUrl":"https:\/\/mairies-online.com\/blog\/wp-content\/uploads\/2026\/03\/user-avatar-96x96.jpg","caption":"Adam Fontaine"},"description":"Journaliste sp\u00e9cialis\u00e9 en collectivit\u00e9s territoriales et politiques publiques locales depuis plus de 15 ans. Ancien attach\u00e9 territorial, Adam Fontaine couvre l'actualit\u00e9 des mairies, intercommunalit\u00e9s et services publics de proximit\u00e9. Expert en finances locales, urbanisme et action sociale communale, il d\u00e9crypte les dispositifs d'aide, les r\u00e9formes institutionnelles et les enjeux du quotidien des administr\u00e9s. Ses analyses s'appuient sur une connaissance approfondie du terrain et des sources officielles (DGCL, AMF, Cour des comptes). Contributeur r\u00e9gulier de Mairies Online depuis 2019.","url":"https:\/\/mairies-online.com\/blog\/author\/adam-fontaine-48\/"}]}},"views":244,"_links":{"self":[{"href":"https:\/\/mairies-online.com\/blog\/wp-json\/wp\/v2\/posts\/8758","targetHints":{"allow":["GET"]}}],"collection":[{"href":"https:\/\/mairies-online.com\/blog\/wp-json\/wp\/v2\/posts"}],"about":[{"href":"https:\/\/mairies-online.com\/blog\/wp-json\/wp\/v2\/types\/post"}],"author":[{"embeddable":true,"href":"https:\/\/mairies-online.com\/blog\/wp-json\/wp\/v2\/users\/6"}],"replies":[{"embeddable":true,"href":"https:\/\/mairies-online.com\/blog\/wp-json\/wp\/v2\/comments?post=8758"}],"version-history":[{"count":0,"href":"https:\/\/mairies-online.com\/blog\/wp-json\/wp\/v2\/posts\/8758\/revisions"}],"wp:featuredmedia":[{"embeddable":true,"href":"https:\/\/mairies-online.com\/blog\/wp-json\/wp\/v2\/media\/8764"}],"wp:attachment":[{"href":"https:\/\/mairies-online.com\/blog\/wp-json\/wp\/v2\/media?parent=8758"}],"wp:term":[{"taxonomy":"category","embeddable":true,"href":"https:\/\/mairies-online.com\/blog\/wp-json\/wp\/v2\/categories?post=8758"},{"taxonomy":"post_tag","embeddable":true,"href":"https:\/\/mairies-online.com\/blog\/wp-json\/wp\/v2\/tags?post=8758"}],"curies":[{"name":"wp","href":"https:\/\/api.w.org\/{rel}","templated":true}]}}