{"id":8756,"date":"2026-04-05T06:31:45","date_gmt":"2026-04-05T06:31:45","guid":{"rendered":"https:\/\/mairies-online.com\/blog\/maires-impots-locaux\/"},"modified":"2026-04-05T06:31:45","modified_gmt":"2026-04-05T06:31:45","slug":"maires-impots-locaux","status":"publish","type":"post","link":"https:\/\/mairies-online.com\/blog\/maires-impots-locaux\/","title":{"rendered":"Ces maires qui ont divis\u00e9 les imp\u00f4ts locaux par deux"},"content":{"rendered":"<ul class=\"wp-block-list\"><li><strong>En bref<\/strong> : des maires ont r\u00e9ellement r\u00e9ussi \u00e0 r\u00e9duire de moiti\u00e9 la part communale de certains imp\u00f4ts locaux.<\/li><li>Exemples concrets : Berlancourt (-30% pour les propri\u00e9taires), des variations entre petites communes et grandes m\u00e9tropoles.<\/li><li>Levier principal : arbitrage budg\u00e9taire, p\u00e9r\u00e9quation et all\u00e9gements cibl\u00e9s.<\/li><li>Risques : baisse de recettes, pression sur l\u2019investissement et critiques de gouvernance.<\/li><\/ul>\n\n<p><strong>Ces maires ont divis\u00e9 les imp\u00f4ts locaux par deux<\/strong> \u2014 oui, ce n\u2019est pas une promesse de campagne floue : des communes comme Berlancourt ont r\u00e9duit la part communale et observ\u00e9 une <strong>r\u00e9duction fiscale<\/strong> tangible pour les propri\u00e9taires. Dans les deux premiers paragraphes, tu sais d\u00e9j\u00e0 que la <strong>division<\/strong> est r\u00e9elle et qu\u2019elle repose sur des choix de <strong>gestion municipale<\/strong> et des arbitrages entre dotations et services.<\/p>\n\n<h2 class=\"wp-block-heading\">Comment certains maires ont divis\u00e9 la taxe fonci\u00e8re<\/h2>\n\n<p>\u00c0 Berlancourt, Philippe Torre explique avoir <strong>divis\u00e9 la part communale par deux<\/strong>, aboutissant \u00e0 une baisse d\u2019environ 30% de la taxe fonci\u00e8re pour les propri\u00e9taires locaux. D\u2019autres communes ont jou\u00e9 sur les abattements et les exon\u00e9rations cibl\u00e9es, en s\u2019appuyant sur les m\u00e9canismes nationaux et la p\u00e9r\u00e9quation. Ces mouvements sont document\u00e9s par des analyses de l\u2019OFGL et des m\u00e9dias sp\u00e9cialis\u00e9s, qui montrent l\u2019\u00e9tendue des pratiques dans le bloc communal.<\/p>\n\n<h2 class=\"wp-block-heading\">Leviers pratiques de r\u00e9duction fiscale au niveau local<\/h2>\n\n<p>Les maires utilisent plusieurs leviers : optimisation des charges de personnel, re-priorisation des investissements, all\u00e9gements fiscaux cibl\u00e9s et recours aux fonds de p\u00e9r\u00e9quation. Par exemple, certaines communes ont r\u00e9duit les d\u00e9penses de fonctionnement de 5 \u00e0 10% pour pr\u00e9server l\u2019investissement. Une lecture des r\u00e9formes fiscales r\u00e9centes \u00e9claire ces choix et montre comment les <strong>collectivit\u00e9s territoriales<\/strong> adaptent leur gouvernance locale.<\/p>\n\n<ul class=\"wp-block-list\"><li>R\u00e9duction d\u2019abattements pour propri\u00e9taires<\/li><li>R\u00e9-allocation des subventions d\u2019\u00e9quipement<\/li><li>Utilisation des m\u00e9canismes de p\u00e9r\u00e9quation<\/li><\/ul>\n\n<h3 class=\"wp-block-heading\">Risques pour les finances locales et la gouvernance<\/h3>\n\n<p>La <strong>division<\/strong> drastique de la fiscalit\u00e9 n\u2019est pas sans co\u00fbt : pression sur l\u2019autofinancement, r\u00e9duction des marges pour les projets et critiques publiques. La Cour des comptes et des observateurs locaux tirent la sonnette d\u2019alarme sur les cons\u00e9quences \u00e0 long terme et la n\u00e9cessit\u00e9 d\u2019\u00e9quilibrer les comptes. Des villes comme Saint-\u00c9tienne ou Cugnaux montrent l\u2019autre face : augmentation des taux quand les recettes manquent.<\/p>\n\n<figure class=\"wp-block-table\"><table>\n<thead>\n<tr>\n<th>Commune<\/th>\n<th>Mesure<\/th>\n<th>Impact estim\u00e9<\/th>\n<\/tr>\n<\/thead>\n<tbody>\n<tr>\n<td>Berlancourt<\/td>\n<td>Division part communale<\/td>\n<td><strong>-30%<\/strong> taxe fonci\u00e8re pour propri\u00e9taires<\/td>\n<\/tr>\n<tr>\n<td>Noisy-le-Grand<\/td>\n<td>R\u00e9duction dette \/ r\u00e9organisation<\/td>\n<td>Effets sociaux controvers\u00e9s<\/td>\n<\/tr>\n<tr>\n<td>Sceaux<\/td>\n<td>Compensation dotation<\/td>\n<td>D\u00e9ficit ponctuel ~700 000 \u20ac<\/td>\n<\/tr>\n<\/tbody>\n<\/table><\/figure>\n\n<p>Pour approfondir : consulte les analyses d\u00e9taill\u00e9es sur <a href=\"https:\/\/www.moneyvox.fr\/impot\/actualites\/94312\/une-baisse-de-30-a-1-000-euros-impot-ces-maires-qui-reduisent-la-taxe-fonciere-en-2023\">les cas de baisse de taxe fonci\u00e8re<\/a> et les travaux de l\u2019OFGL sur les finances communales disponibles sur <a href=\"https:\/\/www.collectivites-locales.gouv.fr\/etudes-et-statistiques\/observatoire-des-finances-et-de-la-gestion-publique-locale-ofgl\">la plate-forme des collectivit\u00e9s<\/a>.<\/p>\n\n<p>Envie de savoir ce qui se passe dans ta commune ? Trouve le taux d\u2019imposition, le budget et les d\u00e9cisions r\u00e9centes sur <a href=\"https:\/\/mairies-online.com\/blog\/budget-communal-2026\/\">le budget communal 2026<\/a>, explore les options de sortie d\u2019intercommunalit\u00e9 sur <a href=\"https:\/\/mairies-online.com\/blog\/communes-quitter-intercommunalite\/\">les cons\u00e9quences de quitter une intercommunalit\u00e9<\/a> ou renseigne-toi sur les fusions via <a href=\"https:\/\/mairies-online.com\/blog\/fusion-communes-habitants\/\">les guides pratiques pour fusion de communes<\/a>. Visite mairies-online.com pour consulter les donn\u00e9es de ta collectivit\u00e9 et agir localement.<\/p>\n\n<script type=\"application\/ld+json\">\n{\"@context\":\"https:\/\/schema.org\",\"@type\":\"FAQPage\",\"mainEntity\":[{\"@type\":\"Question\",\"name\":\"Comment une commune peut-elle ru00e9duire les impu00f4ts locaux sans augmenter la dette ?\",\"acceptedAnswer\":{\"@type\":\"Answer\",\"text\":\"En ru00e9u00e9quilibrant les du00e9penses (personnel, fonctionnement), en optimisant les subventions et en recourant aux mu00e9canismes de pu00e9ru00e9quation, une commune peut diminuer la pression fiscale sans creuser sa dette, mais cela nu00e9cessite des choix forts sur les services.\"}},{\"@type\":\"Question\",\"name\":\"La baisse des impu00f4ts locaux est-elle durable ?\",\"acceptedAnswer\":{\"@type\":\"Answer\",\"text\":\"Pas toujours : si elle repose sur des u00e9conomies structurelles et une meilleure gestion, elle peut durer. Si elle vient du2019un transfert de charge ou du2019une baisse ponctuelle de recettes, elle risque du2019u00eatre ru00e9visu00e9e.\"}},{\"@type\":\"Question\",\"name\":\"Qui contru00f4le lu2019effet des ru00e9formes fiscales locales ?\",\"acceptedAnswer\":{\"@type\":\"Answer\",\"text\":\"Lu2019OFGL, la DGCL et des organismes comme la Cour des comptes publient des analyses et rapports qui mesurent lu2019impact des ru00e9formes sur les finances locales.\"}}]}\n<\/script>\n<h3>Comment une commune peut-elle r\u00e9duire les imp\u00f4ts locaux sans augmenter la dette ?<\/h3>\n<p>En r\u00e9\u00e9quilibrant les d\u00e9penses (personnel, fonctionnement), en optimisant les subventions et en recourant aux m\u00e9canismes de p\u00e9r\u00e9quation, une commune peut diminuer la pression fiscale sans creuser sa dette, mais cela n\u00e9cessite des choix forts sur les services.<\/p>\n<h3>La baisse des imp\u00f4ts locaux est-elle durable ?<\/h3>\n<p>Pas toujours : si elle repose sur des \u00e9conomies structurelles et une meilleure gestion, elle peut durer. Si elle vient d\u2019un transfert de charge ou d\u2019une baisse ponctuelle de recettes, elle risque d\u2019\u00eatre r\u00e9vis\u00e9e.<\/p>\n<h3>Qui contr\u00f4le l\u2019effet des r\u00e9formes fiscales locales ?<\/h3>\n<p>L\u2019OFGL, la DGCL et des organismes comme la Cour des comptes publient des analyses et rapports qui mesurent l\u2019impact des r\u00e9formes sur les finances locales.<\/p>\n\n","protected":false},"excerpt":{"rendered":"<p>Ces maires ont divis\u00e9 les imp\u00f4ts locaux par deux \u2014 oui, ce n\u2019est pas une promesse de campagne floue : des communes comme Berlancourt ont r\u00e9duit la part communale et observ\u00e9 une r\u00e9duction fiscale tangible pour les propri\u00e9taires. Dans les deux premiers paragraphes, tu sais d\u00e9j\u00e0 que la division est r\u00e9elle et qu\u2019elle repose sur &#8230; <a title=\"Ces maires qui ont divis\u00e9 les imp\u00f4ts locaux par deux\" class=\"read-more\" href=\"https:\/\/mairies-online.com\/blog\/maires-impots-locaux\/\" aria-label=\"En savoir plus sur Ces maires qui ont divis\u00e9 les imp\u00f4ts locaux par deux\">Lire la suite<\/a><\/p>\n","protected":false},"author":6,"featured_media":8766,"comment_status":"","ping_status":"","sticky":false,"template":"","format":"standard","meta":{"footnotes":""},"categories":[1],"tags":[24149,24147,24146,23474,24148],"class_list":["post-8756","post","type-post","status-publish","format-standard","has-post-thumbnail","hentry","category-actualites","tag-finances-municipales","tag-impots-locaux","tag-maires","tag-politique-locale","tag-reduction-fiscale"],"yoast_head":"<!-- This site is optimized with the Yoast SEO plugin v27.5 - https:\/\/yoast.com\/product\/yoast-seo-wordpress\/ -->\n<title>Ces maires qui ont divis\u00e9 les imp\u00f4ts locaux par deux -<\/title>\n<meta name=\"description\" content=\"D\u00e9couvrez comment ces maires ont r\u00e9ussi \u00e0 diviser par deux les imp\u00f4ts locaux, all\u00e9geant ainsi la charge fiscale des habitants.\" \/>\n<meta name=\"robots\" content=\"index, follow, max-snippet:-1, max-image-preview:large, max-video-preview:-1\" \/>\n<link rel=\"canonical\" href=\"https:\/\/mairies-online.com\/blog\/maires-impots-locaux\/\" \/>\n<meta property=\"og:locale\" content=\"fr_FR\" \/>\n<meta property=\"og:type\" content=\"article\" \/>\n<meta property=\"og:title\" content=\"Ces maires qui ont divis\u00e9 les imp\u00f4ts locaux par deux -\" \/>\n<meta property=\"og:description\" content=\"D\u00e9couvrez comment ces maires ont r\u00e9ussi \u00e0 diviser par deux les imp\u00f4ts locaux, all\u00e9geant ainsi la charge fiscale des habitants.\" \/>\n<meta property=\"og:url\" content=\"https:\/\/mairies-online.com\/blog\/maires-impots-locaux\/\" \/>\n<meta property=\"article:published_time\" content=\"2026-04-05T06:31:45+00:00\" \/>\n<meta name=\"author\" content=\"Adam Fontaine\" \/>\n<meta name=\"twitter:card\" content=\"summary_large_image\" \/>\n<meta name=\"twitter:label1\" content=\"\u00c9crit par\" \/>\n\t<meta name=\"twitter:data1\" content=\"Adam Fontaine\" \/>\n\t<meta name=\"twitter:label2\" content=\"Dur\u00e9e de lecture estim\u00e9e\" \/>\n\t<meta name=\"twitter:data2\" content=\"3 minutes\" \/>\n<script type=\"application\/ld+json\" class=\"yoast-schema-graph\">{\"@context\":\"https:\\\/\\\/schema.org\",\"@graph\":[{\"@type\":\"Article\",\"@id\":\"https:\\\/\\\/mairies-online.com\\\/blog\\\/maires-impots-locaux\\\/#article\",\"isPartOf\":{\"@id\":\"https:\\\/\\\/mairies-online.com\\\/blog\\\/maires-impots-locaux\\\/\"},\"author\":{\"name\":\"Adam Fontaine\",\"@id\":\"https:\\\/\\\/mairies-online.com\\\/blog\\\/#\\\/schema\\\/person\\\/097040a69656d16bed374eff911b37d7\",\"@type\":\"Person\"},\"headline\":\"Ces maires qui ont divis\u00e9 les imp\u00f4ts locaux par deux\",\"datePublished\":\"2026-04-05T06:31:45+00:00\",\"mainEntityOfPage\":{\"@id\":\"https:\\\/\\\/mairies-online.com\\\/blog\\\/maires-impots-locaux\\\/\"},\"wordCount\":687,\"image\":{\"@id\":\"https:\\\/\\\/mairies-online.com\\\/blog\\\/maires-impots-locaux\\\/#primaryimage\"},\"thumbnailUrl\":\"https:\\\/\\\/mairies-online.com\\\/blog\\\/wp-content\\\/uploads\\\/2026\\\/04\\\/Ces-maires-qui-ont-divise-les-impots-locaux-par-deux.jpg\",\"keywords\":[\"finances municipales\",\"imp\u00f4ts locaux\",\"maires\",\"politique locale\",\"r\u00e9duction fiscale\"],\"articleSection\":[\"Actualit\u00e9s\"],\"inLanguage\":\"fr-FR\",\"isAccessibleForFree\":true,\"dateModified\":\"2026-04-05T06:31:45+00:00\"},{\"@type\":\"WebPage\",\"@id\":\"https:\\\/\\\/mairies-online.com\\\/blog\\\/maires-impots-locaux\\\/\",\"url\":\"https:\\\/\\\/mairies-online.com\\\/blog\\\/maires-impots-locaux\\\/\",\"name\":\"Ces maires qui ont divis\u00e9 les imp\u00f4ts locaux par deux -\",\"isPartOf\":{\"@id\":\"https:\\\/\\\/mairies-online.com\\\/blog\\\/#website\"},\"primaryImageOfPage\":{\"@id\":\"https:\\\/\\\/mairies-online.com\\\/blog\\\/maires-impots-locaux\\\/#primaryimage\"},\"image\":{\"@id\":\"https:\\\/\\\/mairies-online.com\\\/blog\\\/maires-impots-locaux\\\/#primaryimage\"},\"thumbnailUrl\":\"https:\\\/\\\/mairies-online.com\\\/blog\\\/wp-content\\\/uploads\\\/2026\\\/04\\\/Ces-maires-qui-ont-divise-les-impots-locaux-par-deux.jpg\",\"datePublished\":\"2026-04-05T06:31:45+00:00\",\"author\":{\"@id\":\"https:\\\/\\\/mairies-online.com\\\/blog\\\/#\\\/schema\\\/person\\\/097040a69656d16bed374eff911b37d7\"},\"description\":\"D\u00e9couvrez comment ces maires ont r\u00e9ussi \u00e0 diviser par deux les imp\u00f4ts locaux, all\u00e9geant ainsi la charge fiscale des habitants.\",\"breadcrumb\":{\"@id\":\"https:\\\/\\\/mairies-online.com\\\/blog\\\/maires-impots-locaux\\\/#breadcrumb\"},\"inLanguage\":\"fr-FR\",\"potentialAction\":[{\"@type\":\"ReadAction\",\"target\":[\"https:\\\/\\\/mairies-online.com\\\/blog\\\/maires-impots-locaux\\\/\"]}]},{\"@type\":\"ImageObject\",\"inLanguage\":\"fr-FR\",\"@id\":\"https:\\\/\\\/mairies-online.com\\\/blog\\\/maires-impots-locaux\\\/#primaryimage\",\"url\":\"https:\\\/\\\/mairies-online.com\\\/blog\\\/wp-content\\\/uploads\\\/2026\\\/04\\\/Ces-maires-qui-ont-divise-les-impots-locaux-par-deux.jpg\",\"contentUrl\":\"https:\\\/\\\/mairies-online.com\\\/blog\\\/wp-content\\\/uploads\\\/2026\\\/04\\\/Ces-maires-qui-ont-divise-les-impots-locaux-par-deux.jpg\",\"width\":1344,\"height\":768,\"caption\":\"d\u00e9couvrez comment certains maires ont r\u00e9ussi \u00e0 r\u00e9duire de moiti\u00e9 les imp\u00f4ts locaux, leurs strat\u00e9gies et les impacts sur leurs communes.\"},{\"@type\":\"BreadcrumbList\",\"@id\":\"https:\\\/\\\/mairies-online.com\\\/blog\\\/maires-impots-locaux\\\/#breadcrumb\",\"itemListElement\":[{\"@type\":\"ListItem\",\"position\":1,\"name\":\"Home\",\"item\":\"https:\\\/\\\/mairies-online.com\\\/blog\\\/\"},{\"@type\":\"ListItem\",\"position\":2,\"name\":\"Ces maires qui ont divis\u00e9 les imp\u00f4ts locaux par deux\"}]},{\"@type\":\"WebSite\",\"@id\":\"https:\\\/\\\/mairies-online.com\\\/blog\\\/#website\",\"url\":\"https:\\\/\\\/mairies-online.com\\\/blog\\\/\",\"name\":\"\",\"description\":\"\",\"potentialAction\":[{\"@type\":\"SearchAction\",\"target\":{\"@type\":\"EntryPoint\",\"urlTemplate\":\"https:\\\/\\\/mairies-online.com\\\/blog\\\/?s={search_term_string}\"},\"query-input\":{\"@type\":\"PropertyValueSpecification\",\"valueRequired\":true,\"valueName\":\"search_term_string\"}}],\"inLanguage\":\"fr-FR\"},{\"@type\":\"Person\",\"@id\":\"https:\\\/\\\/mairies-online.com\\\/blog\\\/#\\\/schema\\\/person\\\/097040a69656d16bed374eff911b37d7\",\"name\":\"Adam Fontaine\",\"image\":{\"@type\":\"ImageObject\",\"inLanguage\":\"fr-FR\",\"@id\":\"https:\\\/\\\/mairies-online.com\\\/blog\\\/wp-content\\\/uploads\\\/2026\\\/03\\\/user-avatar-96x96.jpg\",\"url\":\"https:\\\/\\\/mairies-online.com\\\/blog\\\/wp-content\\\/uploads\\\/2026\\\/03\\\/user-avatar-96x96.jpg\",\"contentUrl\":\"https:\\\/\\\/mairies-online.com\\\/blog\\\/wp-content\\\/uploads\\\/2026\\\/03\\\/user-avatar-96x96.jpg\",\"caption\":\"Adam Fontaine\"},\"description\":\"Journaliste sp\u00e9cialis\u00e9 en collectivit\u00e9s territoriales et politiques publiques locales depuis plus de 15 ans. Ancien attach\u00e9 territorial, Adam Fontaine couvre l'actualit\u00e9 des mairies, intercommunalit\u00e9s et services publics de proximit\u00e9. Expert en finances locales, urbanisme et action sociale communale, il d\u00e9crypte les dispositifs d'aide, les r\u00e9formes institutionnelles et les enjeux du quotidien des administr\u00e9s. Ses analyses s'appuient sur une connaissance approfondie du terrain et des sources officielles (DGCL, AMF, Cour des comptes). Contributeur r\u00e9gulier de Mairies Online depuis 2019.\",\"url\":\"https:\\\/\\\/mairies-online.com\\\/blog\\\/author\\\/adam-fontaine-48\\\/\"}]}<\/script>\n<!-- \/ Yoast SEO plugin. -->","yoast_head_json":{"title":"Ces maires qui ont divis\u00e9 les imp\u00f4ts locaux par deux -","description":"D\u00e9couvrez comment ces maires ont r\u00e9ussi \u00e0 diviser par deux les imp\u00f4ts locaux, all\u00e9geant ainsi la charge fiscale des habitants.","robots":{"index":"index","follow":"follow","max-snippet":"max-snippet:-1","max-image-preview":"max-image-preview:large","max-video-preview":"max-video-preview:-1"},"canonical":"https:\/\/mairies-online.com\/blog\/maires-impots-locaux\/","og_locale":"fr_FR","og_type":"article","og_title":"Ces maires qui ont divis\u00e9 les imp\u00f4ts locaux par deux -","og_description":"D\u00e9couvrez comment ces maires ont r\u00e9ussi \u00e0 diviser par deux les imp\u00f4ts locaux, all\u00e9geant ainsi la charge fiscale des habitants.","og_url":"https:\/\/mairies-online.com\/blog\/maires-impots-locaux\/","article_published_time":"2026-04-05T06:31:45+00:00","author":"Adam Fontaine","twitter_card":"summary_large_image","twitter_misc":{"\u00c9crit par":"Adam Fontaine","Dur\u00e9e de lecture estim\u00e9e":"3 minutes"},"schema":{"@context":"https:\/\/schema.org","@graph":[{"@type":"Article","@id":"https:\/\/mairies-online.com\/blog\/maires-impots-locaux\/#article","isPartOf":{"@id":"https:\/\/mairies-online.com\/blog\/maires-impots-locaux\/"},"author":{"name":"Adam Fontaine","@id":"https:\/\/mairies-online.com\/blog\/#\/schema\/person\/097040a69656d16bed374eff911b37d7","@type":"Person"},"headline":"Ces maires qui ont divis\u00e9 les imp\u00f4ts locaux par deux","datePublished":"2026-04-05T06:31:45+00:00","mainEntityOfPage":{"@id":"https:\/\/mairies-online.com\/blog\/maires-impots-locaux\/"},"wordCount":687,"image":{"@id":"https:\/\/mairies-online.com\/blog\/maires-impots-locaux\/#primaryimage"},"thumbnailUrl":"https:\/\/mairies-online.com\/blog\/wp-content\/uploads\/2026\/04\/Ces-maires-qui-ont-divise-les-impots-locaux-par-deux.jpg","keywords":["finances municipales","imp\u00f4ts locaux","maires","politique locale","r\u00e9duction fiscale"],"articleSection":["Actualit\u00e9s"],"inLanguage":"fr-FR","isAccessibleForFree":true,"dateModified":"2026-04-05T06:31:45+00:00"},{"@type":"WebPage","@id":"https:\/\/mairies-online.com\/blog\/maires-impots-locaux\/","url":"https:\/\/mairies-online.com\/blog\/maires-impots-locaux\/","name":"Ces maires qui ont divis\u00e9 les imp\u00f4ts locaux par deux -","isPartOf":{"@id":"https:\/\/mairies-online.com\/blog\/#website"},"primaryImageOfPage":{"@id":"https:\/\/mairies-online.com\/blog\/maires-impots-locaux\/#primaryimage"},"image":{"@id":"https:\/\/mairies-online.com\/blog\/maires-impots-locaux\/#primaryimage"},"thumbnailUrl":"https:\/\/mairies-online.com\/blog\/wp-content\/uploads\/2026\/04\/Ces-maires-qui-ont-divise-les-impots-locaux-par-deux.jpg","datePublished":"2026-04-05T06:31:45+00:00","author":{"@id":"https:\/\/mairies-online.com\/blog\/#\/schema\/person\/097040a69656d16bed374eff911b37d7"},"description":"D\u00e9couvrez comment ces maires ont r\u00e9ussi \u00e0 diviser par deux les imp\u00f4ts locaux, all\u00e9geant ainsi la charge fiscale des habitants.","breadcrumb":{"@id":"https:\/\/mairies-online.com\/blog\/maires-impots-locaux\/#breadcrumb"},"inLanguage":"fr-FR","potentialAction":[{"@type":"ReadAction","target":["https:\/\/mairies-online.com\/blog\/maires-impots-locaux\/"]}]},{"@type":"ImageObject","inLanguage":"fr-FR","@id":"https:\/\/mairies-online.com\/blog\/maires-impots-locaux\/#primaryimage","url":"https:\/\/mairies-online.com\/blog\/wp-content\/uploads\/2026\/04\/Ces-maires-qui-ont-divise-les-impots-locaux-par-deux.jpg","contentUrl":"https:\/\/mairies-online.com\/blog\/wp-content\/uploads\/2026\/04\/Ces-maires-qui-ont-divise-les-impots-locaux-par-deux.jpg","width":1344,"height":768,"caption":"d\u00e9couvrez comment certains maires ont r\u00e9ussi \u00e0 r\u00e9duire de moiti\u00e9 les imp\u00f4ts locaux, leurs strat\u00e9gies et les impacts sur leurs communes."},{"@type":"BreadcrumbList","@id":"https:\/\/mairies-online.com\/blog\/maires-impots-locaux\/#breadcrumb","itemListElement":[{"@type":"ListItem","position":1,"name":"Home","item":"https:\/\/mairies-online.com\/blog\/"},{"@type":"ListItem","position":2,"name":"Ces maires qui ont divis\u00e9 les imp\u00f4ts locaux par deux"}]},{"@type":"WebSite","@id":"https:\/\/mairies-online.com\/blog\/#website","url":"https:\/\/mairies-online.com\/blog\/","name":"","description":"","potentialAction":[{"@type":"SearchAction","target":{"@type":"EntryPoint","urlTemplate":"https:\/\/mairies-online.com\/blog\/?s={search_term_string}"},"query-input":{"@type":"PropertyValueSpecification","valueRequired":true,"valueName":"search_term_string"}}],"inLanguage":"fr-FR"},{"@type":"Person","@id":"https:\/\/mairies-online.com\/blog\/#\/schema\/person\/097040a69656d16bed374eff911b37d7","name":"Adam Fontaine","image":{"@type":"ImageObject","inLanguage":"fr-FR","@id":"https:\/\/mairies-online.com\/blog\/wp-content\/uploads\/2026\/03\/user-avatar-96x96.jpg","url":"https:\/\/mairies-online.com\/blog\/wp-content\/uploads\/2026\/03\/user-avatar-96x96.jpg","contentUrl":"https:\/\/mairies-online.com\/blog\/wp-content\/uploads\/2026\/03\/user-avatar-96x96.jpg","caption":"Adam Fontaine"},"description":"Journaliste sp\u00e9cialis\u00e9 en collectivit\u00e9s territoriales et politiques publiques locales depuis plus de 15 ans. Ancien attach\u00e9 territorial, Adam Fontaine couvre l'actualit\u00e9 des mairies, intercommunalit\u00e9s et services publics de proximit\u00e9. Expert en finances locales, urbanisme et action sociale communale, il d\u00e9crypte les dispositifs d'aide, les r\u00e9formes institutionnelles et les enjeux du quotidien des administr\u00e9s. Ses analyses s'appuient sur une connaissance approfondie du terrain et des sources officielles (DGCL, AMF, Cour des comptes). Contributeur r\u00e9gulier de Mairies Online depuis 2019.","url":"https:\/\/mairies-online.com\/blog\/author\/adam-fontaine-48\/"}]}},"views":263,"_links":{"self":[{"href":"https:\/\/mairies-online.com\/blog\/wp-json\/wp\/v2\/posts\/8756","targetHints":{"allow":["GET"]}}],"collection":[{"href":"https:\/\/mairies-online.com\/blog\/wp-json\/wp\/v2\/posts"}],"about":[{"href":"https:\/\/mairies-online.com\/blog\/wp-json\/wp\/v2\/types\/post"}],"author":[{"embeddable":true,"href":"https:\/\/mairies-online.com\/blog\/wp-json\/wp\/v2\/users\/6"}],"replies":[{"embeddable":true,"href":"https:\/\/mairies-online.com\/blog\/wp-json\/wp\/v2\/comments?post=8756"}],"version-history":[{"count":0,"href":"https:\/\/mairies-online.com\/blog\/wp-json\/wp\/v2\/posts\/8756\/revisions"}],"wp:featuredmedia":[{"embeddable":true,"href":"https:\/\/mairies-online.com\/blog\/wp-json\/wp\/v2\/media\/8766"}],"wp:attachment":[{"href":"https:\/\/mairies-online.com\/blog\/wp-json\/wp\/v2\/media?parent=8756"}],"wp:term":[{"taxonomy":"category","embeddable":true,"href":"https:\/\/mairies-online.com\/blog\/wp-json\/wp\/v2\/categories?post=8756"},{"taxonomy":"post_tag","embeddable":true,"href":"https:\/\/mairies-online.com\/blog\/wp-json\/wp\/v2\/tags?post=8756"}],"curies":[{"name":"wp","href":"https:\/\/api.w.org\/{rel}","templated":true}]}}