{"id":8755,"date":"2026-04-04T21:06:02","date_gmt":"2026-04-04T21:06:02","guid":{"rendered":"https:\/\/mairies-online.com\/blog\/inscrire-enfant-ecole\/"},"modified":"2026-04-04T21:06:02","modified_gmt":"2026-04-04T21:06:02","slug":"inscrire-enfant-ecole","status":"publish","type":"post","link":"https:\/\/mairies-online.com\/blog\/inscrire-enfant-ecole\/","title":{"rendered":"Comment inscrire son enfant \u00e0 l&rsquo;\u00e9cole sans stress cette ann\u00e9e"},"content":{"rendered":"<p>Tu veux inscrire ton enfant \u00e0 l&rsquo;\u00e9cole sans subir la paperasse et les files d&rsquo;attente ? En deux \u00e9tapes simples et un peu d&rsquo;organisation, tu \u00e9vites les oublis et tu gagnes du temps pour profiter des derniers jours avant la rentr\u00e9e.<\/p>\n\n<p><strong>En bref<\/strong><\/p>\n\n<ul class=\"wp-block-list\"><li><strong>Quand :<\/strong> souvent avant juin pour la maternelle, avril-mai pour l&rsquo;\u00e9l\u00e9mentaire selon la commune.<\/li><li><strong>Documents :<\/strong> justificatif de domicile, pi\u00e8ce d&rsquo;identit\u00e9, carnet de sant\u00e9, livret de famille.<\/li><li><strong>Astuce :<\/strong> contacte ta mairie ou consulte les guides locaux avant de prendre rendez-vous.<\/li><\/ul>\n\n<h2 class=\"wp-block-heading\">Quand et o\u00f9 lancer l&rsquo;inscription \u00e9cole<\/h2>\n\n<p>Pour la premi\u00e8re inscription en maternelle, la r\u00e8gle nationale indique une d\u00e9marche en mairie <strong>au plus tard en juin<\/strong> pr\u00e9c\u00e9dant l&rsquo;ann\u00e9e scolaire. \u00c0 Paris, par exemple, tu peux consulter la page d\u00e9di\u00e9e pour conna\u00eetre les modalit\u00e9s exactes <a href=\"https:\/\/www.paris.fr\/pages\/vie-scolaire-2048\/\">Vie scolaire \u00e0 Paris<\/a>.<\/p>\n\n<p>Si tu arrives \u00e0 Rennes ou changes de domicile, renseigne-toi d\u00e8s avril pour \u00e9viter les d\u00e9lais : certaines communes ouvrent les inscriptions plus t\u00f4t.<\/p>\n\n<h2 class=\"wp-block-heading\">Les documents n\u00e9cessaires et la pr\u00e9paration pratique<\/h2>\n\n<p>Rassemble tout \u00e0 l&rsquo;avance : <strong>justificatif de domicile (moins de 3 mois)<\/strong>, pi\u00e8ce d&rsquo;identit\u00e9, carnet de sant\u00e9 (vaccinations), et le livret de famille. \u00c0 Toulouse ou Angers, les mairies demandent parfois un contrat de travail pour prioriser les inscriptions p\u00e9riscolaires.<\/p>\n\n<p>Fais une photocopie num\u00e9rique pour gagner du temps. Tu peux v\u00e9rifier la liste officielle sur le site du minist\u00e8re pour la maternelle <a href=\"https:\/\/www.education.gouv.fr\/l-inscription-l-ecole-maternelle-8651\">inscription maternelle<\/a>.<\/p>\n\n<h2 class=\"wp-block-heading\">Sectorisation scolaire et choix d&rsquo;\u00e9tablissement<\/h2>\n\n<p>La sectorisation peut t&rsquo;obliger \u00e0 inscrire ton enfant dans l&rsquo;\u00e9cole de ton quartier. \u00c0 Rennes, le service enfance indique les crit\u00e8res pr\u00e9cis pour le secteur. Voici un tableau utile pour comparer trois communes.<\/p>\n\n<figure class=\"wp-block-table\"><table>\n<thead>\n<tr>\n<th>Commune<\/th>\n<th>Inscription maternelle<\/th>\n<th>Proc\u00e9dure<\/th>\n<\/tr>\n<\/thead>\n<tbody>\n<tr>\n<td>Paris<\/td>\n<td>Juin<\/td>\n<td>Inscription en ligne ou mairie<\/td>\n<\/tr>\n<tr>\n<td>Rennes<\/td>\n<td>Avril<\/td>\n<td>Mairie ou guichet jeunesse<\/td>\n<\/tr>\n<tr>\n<td>Lyon<\/td>\n<td>Juin<\/td>\n<td>Dossier en mairie<\/td>\n<\/tr>\n<\/tbody>\n<\/table><\/figure>\n\n<h2 class=\"wp-block-heading\">Communication parents-\u00e9cole et organisation pour l&rsquo;ann\u00e9e scolaire<\/h2>\n\n<p>Planifie une r\u00e9union rapide avec la directrice lors de la rentr\u00e9e et inscris-toi aux newsletters de l&rsquo;\u00e9cole. Conserve le <strong>calendrier scolaire<\/strong> de la zone (vacances, journ\u00e9es p\u00e9dagogiques) et note les r\u00e9unions obligatoires.<\/p>\n\n<p>Si tu veux un guide simple et des d\u00e9marches rapides en mairie, consulte les ressources pratiques sur <a href=\"https:\/\/mairies-online.com\/blog\/mairie-actions-rapides\/\">mairies-online<\/a> et leurs conseils pour pr\u00e9parer les d\u00e9marches <a href=\"https:\/\/mairies-online.com\/blog\/demers-mairie-2026\/\">d\u00e9marches en mairie 2026<\/a>.<\/p>\n\n<p>Tu souhaites v\u00e9rifier les r\u00e8gles exactes pour ta commune ? Trouve toutes les informations locales et les contacts utiles pour l&rsquo;<strong>inscription \u00e9cole<\/strong> de ton <strong>enfant<\/strong> sur <a href=\"https:\/\/mairies-online.com\/blog\/communes-gardent-enfants-ete\/\">mairies-online<\/a> et commence la d\u00e9marche sans stress.<\/p>\n\n<ul class=\"wp-block-list\"><li>Fais une copie num\u00e9rique des documents.<\/li><li>Anticipe la sectorisation.<\/li><li>Privil\u00e9gie la communication directe avec la mairie.<\/li><\/ul>\n\n<script type=\"application\/ld+json\">\n{\"@context\":\"https:\/\/schema.org\",\"@type\":\"FAQPage\",\"mainEntity\":[{\"@type\":\"Question\",\"name\":\"Quels documents faut-il absolument fournir ?\",\"acceptedAnswer\":{\"@type\":\"Answer\",\"text\":\"Justificatif de domicile ru00e9cent, piu00e8ce d'identitu00e9 des parents, livret de famille, carnet de santu00e9 avec vaccinations u00e0 jour. Certaines mairies demandent un justificatif de domicile supplu00e9mentaire pour les aides pu00e9riscolaires.\"}},{\"@type\":\"Question\",\"name\":\"Quand inscrire en maternelle ?\",\"acceptedAnswer\":{\"@type\":\"Answer\",\"text\":\"En gu00e9nu00e9ral au plus tard en juin pru00e9cu00e9dent la rentru00e9e pour une premiu00e8re inscription ; certaines communes ouvrent les inscriptions du00e8s avril, vu00e9rifie aupru00e8s de ta mairie.\"}},{\"@type\":\"Question\",\"name\":\"Que faire si l'u00e9cole de secteur est saturu00e9e ?\",\"acceptedAnswer\":{\"@type\":\"Answer\",\"text\":\"Contacte la mairie pour connau00eetre les solutions (liste d'attente, affectation dans une autre u00e9cole, prioritu00e9s pour fratrie ou professionnels prioritaires).\"}}]}\n<\/script>\n<h3>Quels documents faut-il absolument fournir ?<\/h3>\n<p>Justificatif de domicile r\u00e9cent, pi\u00e8ce d&rsquo;identit\u00e9 des parents, livret de famille, carnet de sant\u00e9 avec vaccinations \u00e0 jour. Certaines mairies demandent un justificatif de domicile suppl\u00e9mentaire pour les aides p\u00e9riscolaires.<\/p>\n<h3>Quand inscrire en maternelle ?<\/h3>\n<p>En g\u00e9n\u00e9ral au plus tard en juin pr\u00e9c\u00e9dent la rentr\u00e9e pour une premi\u00e8re inscription ; certaines communes ouvrent les inscriptions d\u00e8s avril, v\u00e9rifie aupr\u00e8s de ta mairie.<\/p>\n<h3>Que faire si l&rsquo;\u00e9cole de secteur est satur\u00e9e ?<\/h3>\n<p>Contacte la mairie pour conna\u00eetre les solutions (liste d&rsquo;attente, affectation dans une autre \u00e9cole, priorit\u00e9s pour fratrie ou professionnels prioritaires).<\/p>\n\n","protected":false},"excerpt":{"rendered":"<p>Tu veux inscrire ton enfant \u00e0 l&rsquo;\u00e9cole sans subir la paperasse et les files d&rsquo;attente ? En deux \u00e9tapes simples et un peu d&rsquo;organisation, tu \u00e9vites les oublis et tu gagnes du temps pour profiter des derniers jours avant la rentr\u00e9e. En bref Quand et o\u00f9 lancer l&rsquo;inscription \u00e9cole Pour la premi\u00e8re inscription en maternelle, &#8230; <a title=\"Comment inscrire son enfant \u00e0 l&rsquo;\u00e9cole sans stress cette ann\u00e9e\" class=\"read-more\" href=\"https:\/\/mairies-online.com\/blog\/inscrire-enfant-ecole\/\" aria-label=\"En savoir plus sur Comment inscrire son enfant \u00e0 l&rsquo;\u00e9cole sans stress cette ann\u00e9e\">Lire la suite<\/a><\/p>\n","protected":false},"author":6,"featured_media":8754,"comment_status":"","ping_status":"","sticky":false,"template":"","format":"standard","meta":{"footnotes":""},"categories":[1],"tags":[24145,165,24142,24144,24143],"class_list":["post-8755","post","type-post","status-publish","format-standard","has-post-thumbnail","hentry","category-actualites","tag-conseils-parents","tag-enfant","tag-inscription-ecole","tag-rentree-scolaire","tag-sans-stress"],"yoast_head":"<!-- This site is optimized with the Yoast SEO plugin v27.5 - https:\/\/yoast.com\/product\/yoast-seo-wordpress\/ -->\n<title>Comment inscrire son enfant \u00e0 l&#039;\u00e9cole sans stress cette ann\u00e9e -<\/title>\n<meta name=\"description\" content=\"D\u00e9couvrez comment inscrire votre enfant \u00e0 l&#039;\u00e9cole sans stress cette ann\u00e9e avec nos conseils pratiques et simples pour une rentr\u00e9e sereine.\" \/>\n<meta name=\"robots\" content=\"index, follow, max-snippet:-1, max-image-preview:large, max-video-preview:-1\" \/>\n<link rel=\"canonical\" href=\"https:\/\/mairies-online.com\/blog\/inscrire-enfant-ecole\/\" \/>\n<meta property=\"og:locale\" content=\"fr_FR\" \/>\n<meta property=\"og:type\" content=\"article\" \/>\n<meta property=\"og:title\" content=\"Comment inscrire son enfant \u00e0 l&#039;\u00e9cole sans stress cette ann\u00e9e -\" \/>\n<meta property=\"og:description\" content=\"D\u00e9couvrez comment inscrire votre enfant \u00e0 l&#039;\u00e9cole sans stress cette ann\u00e9e avec nos conseils pratiques et simples pour une rentr\u00e9e sereine.\" \/>\n<meta property=\"og:url\" content=\"https:\/\/mairies-online.com\/blog\/inscrire-enfant-ecole\/\" \/>\n<meta property=\"article:published_time\" content=\"2026-04-04T21:06:02+00:00\" \/>\n<meta property=\"og:image\" content=\"https:\/\/mairies-online.com\/blog\/wp-content\/uploads\/2026\/04\/Comment-inscrire-son-enfant-a-lecole-sans-stress-cette-annee.jpg\" \/>\n\t<meta property=\"og:image:width\" content=\"1920\" \/>\n\t<meta property=\"og:image:height\" content=\"1072\" \/>\n\t<meta property=\"og:image:type\" content=\"image\/jpeg\" \/>\n<meta name=\"author\" content=\"Adam Fontaine\" \/>\n<meta name=\"twitter:card\" content=\"summary_large_image\" \/>\n<meta name=\"twitter:label1\" content=\"\u00c9crit par\" \/>\n\t<meta name=\"twitter:data1\" content=\"Adam Fontaine\" \/>\n\t<meta name=\"twitter:label2\" content=\"Dur\u00e9e de lecture estim\u00e9e\" \/>\n\t<meta name=\"twitter:data2\" content=\"3 minutes\" \/>\n<script type=\"application\/ld+json\" class=\"yoast-schema-graph\">{\"@context\":\"https:\\\/\\\/schema.org\",\"@graph\":[{\"@type\":\"Article\",\"@id\":\"https:\\\/\\\/mairies-online.com\\\/blog\\\/inscrire-enfant-ecole\\\/#article\",\"isPartOf\":{\"@id\":\"https:\\\/\\\/mairies-online.com\\\/blog\\\/inscrire-enfant-ecole\\\/\"},\"author\":{\"name\":\"Adam Fontaine\",\"@id\":\"https:\\\/\\\/mairies-online.com\\\/blog\\\/#\\\/schema\\\/person\\\/097040a69656d16bed374eff911b37d7\",\"@type\":\"Person\"},\"headline\":\"Comment inscrire son enfant \u00e0 l&rsquo;\u00e9cole sans stress cette ann\u00e9e\",\"datePublished\":\"2026-04-04T21:06:02+00:00\",\"mainEntityOfPage\":{\"@id\":\"https:\\\/\\\/mairies-online.com\\\/blog\\\/inscrire-enfant-ecole\\\/\"},\"wordCount\":553,\"image\":{\"@id\":\"https:\\\/\\\/mairies-online.com\\\/blog\\\/inscrire-enfant-ecole\\\/#primaryimage\"},\"thumbnailUrl\":\"https:\\\/\\\/mairies-online.com\\\/blog\\\/wp-content\\\/uploads\\\/2026\\\/04\\\/Comment-inscrire-son-enfant-a-lecole-sans-stress-cette-annee.jpg\",\"keywords\":[\"conseils parents\",\"enfant\",\"inscription \u00e9cole\",\"rentr\u00e9e scolaire\",\"sans stress\"],\"articleSection\":[\"Actualit\u00e9s\"],\"inLanguage\":\"fr-FR\",\"isAccessibleForFree\":true,\"dateModified\":\"2026-04-04T21:06:02+00:00\"},{\"@type\":\"WebPage\",\"@id\":\"https:\\\/\\\/mairies-online.com\\\/blog\\\/inscrire-enfant-ecole\\\/\",\"url\":\"https:\\\/\\\/mairies-online.com\\\/blog\\\/inscrire-enfant-ecole\\\/\",\"name\":\"Comment inscrire son enfant \u00e0 l'\u00e9cole sans stress cette ann\u00e9e -\",\"isPartOf\":{\"@id\":\"https:\\\/\\\/mairies-online.com\\\/blog\\\/#website\"},\"primaryImageOfPage\":{\"@id\":\"https:\\\/\\\/mairies-online.com\\\/blog\\\/inscrire-enfant-ecole\\\/#primaryimage\"},\"image\":{\"@id\":\"https:\\\/\\\/mairies-online.com\\\/blog\\\/inscrire-enfant-ecole\\\/#primaryimage\"},\"thumbnailUrl\":\"https:\\\/\\\/mairies-online.com\\\/blog\\\/wp-content\\\/uploads\\\/2026\\\/04\\\/Comment-inscrire-son-enfant-a-lecole-sans-stress-cette-annee.jpg\",\"datePublished\":\"2026-04-04T21:06:02+00:00\",\"author\":{\"@id\":\"https:\\\/\\\/mairies-online.com\\\/blog\\\/#\\\/schema\\\/person\\\/097040a69656d16bed374eff911b37d7\"},\"description\":\"D\u00e9couvrez comment inscrire votre enfant \u00e0 l'\u00e9cole sans stress cette ann\u00e9e avec nos conseils pratiques et simples pour une rentr\u00e9e sereine.\",\"breadcrumb\":{\"@id\":\"https:\\\/\\\/mairies-online.com\\\/blog\\\/inscrire-enfant-ecole\\\/#breadcrumb\"},\"inLanguage\":\"fr-FR\",\"potentialAction\":[{\"@type\":\"ReadAction\",\"target\":[\"https:\\\/\\\/mairies-online.com\\\/blog\\\/inscrire-enfant-ecole\\\/\"]}]},{\"@type\":\"ImageObject\",\"inLanguage\":\"fr-FR\",\"@id\":\"https:\\\/\\\/mairies-online.com\\\/blog\\\/inscrire-enfant-ecole\\\/#primaryimage\",\"url\":\"https:\\\/\\\/mairies-online.com\\\/blog\\\/wp-content\\\/uploads\\\/2026\\\/04\\\/Comment-inscrire-son-enfant-a-lecole-sans-stress-cette-annee.jpg\",\"contentUrl\":\"https:\\\/\\\/mairies-online.com\\\/blog\\\/wp-content\\\/uploads\\\/2026\\\/04\\\/Comment-inscrire-son-enfant-a-lecole-sans-stress-cette-annee.jpg\",\"width\":1920,\"height\":1072,\"caption\":\"d\u00e9couvrez nos conseils pratiques pour inscrire votre enfant \u00e0 l'\u00e9cole sans stress cette ann\u00e9e et assurer une rentr\u00e9e sereine et organis\u00e9e.\"},{\"@type\":\"BreadcrumbList\",\"@id\":\"https:\\\/\\\/mairies-online.com\\\/blog\\\/inscrire-enfant-ecole\\\/#breadcrumb\",\"itemListElement\":[{\"@type\":\"ListItem\",\"position\":1,\"name\":\"Home\",\"item\":\"https:\\\/\\\/mairies-online.com\\\/blog\\\/\"},{\"@type\":\"ListItem\",\"position\":2,\"name\":\"Comment inscrire son enfant \u00e0 l&rsquo;\u00e9cole sans stress cette ann\u00e9e\"}]},{\"@type\":\"WebSite\",\"@id\":\"https:\\\/\\\/mairies-online.com\\\/blog\\\/#website\",\"url\":\"https:\\\/\\\/mairies-online.com\\\/blog\\\/\",\"name\":\"\",\"description\":\"\",\"potentialAction\":[{\"@type\":\"SearchAction\",\"target\":{\"@type\":\"EntryPoint\",\"urlTemplate\":\"https:\\\/\\\/mairies-online.com\\\/blog\\\/?s={search_term_string}\"},\"query-input\":{\"@type\":\"PropertyValueSpecification\",\"valueRequired\":true,\"valueName\":\"search_term_string\"}}],\"inLanguage\":\"fr-FR\"},{\"@type\":\"Person\",\"@id\":\"https:\\\/\\\/mairies-online.com\\\/blog\\\/#\\\/schema\\\/person\\\/097040a69656d16bed374eff911b37d7\",\"name\":\"Adam Fontaine\",\"image\":{\"@type\":\"ImageObject\",\"inLanguage\":\"fr-FR\",\"@id\":\"https:\\\/\\\/mairies-online.com\\\/blog\\\/wp-content\\\/uploads\\\/2026\\\/03\\\/user-avatar-96x96.jpg\",\"url\":\"https:\\\/\\\/mairies-online.com\\\/blog\\\/wp-content\\\/uploads\\\/2026\\\/03\\\/user-avatar-96x96.jpg\",\"contentUrl\":\"https:\\\/\\\/mairies-online.com\\\/blog\\\/wp-content\\\/uploads\\\/2026\\\/03\\\/user-avatar-96x96.jpg\",\"caption\":\"Adam Fontaine\"},\"description\":\"Journaliste sp\u00e9cialis\u00e9 en collectivit\u00e9s territoriales et politiques publiques locales depuis plus de 15 ans. Ancien attach\u00e9 territorial, Adam Fontaine couvre l'actualit\u00e9 des mairies, intercommunalit\u00e9s et services publics de proximit\u00e9. Expert en finances locales, urbanisme et action sociale communale, il d\u00e9crypte les dispositifs d'aide, les r\u00e9formes institutionnelles et les enjeux du quotidien des administr\u00e9s. Ses analyses s'appuient sur une connaissance approfondie du terrain et des sources officielles (DGCL, AMF, Cour des comptes). Contributeur r\u00e9gulier de Mairies Online depuis 2019.\",\"url\":\"https:\\\/\\\/mairies-online.com\\\/blog\\\/author\\\/adam-fontaine-48\\\/\"}]}<\/script>\n<!-- \/ Yoast SEO plugin. -->","yoast_head_json":{"title":"Comment inscrire son enfant \u00e0 l'\u00e9cole sans stress cette ann\u00e9e -","description":"D\u00e9couvrez comment inscrire votre enfant \u00e0 l'\u00e9cole sans stress cette ann\u00e9e avec nos conseils pratiques et simples pour une rentr\u00e9e sereine.","robots":{"index":"index","follow":"follow","max-snippet":"max-snippet:-1","max-image-preview":"max-image-preview:large","max-video-preview":"max-video-preview:-1"},"canonical":"https:\/\/mairies-online.com\/blog\/inscrire-enfant-ecole\/","og_locale":"fr_FR","og_type":"article","og_title":"Comment inscrire son enfant \u00e0 l'\u00e9cole sans stress cette ann\u00e9e -","og_description":"D\u00e9couvrez comment inscrire votre enfant \u00e0 l'\u00e9cole sans stress cette ann\u00e9e avec nos conseils pratiques et simples pour une rentr\u00e9e sereine.","og_url":"https:\/\/mairies-online.com\/blog\/inscrire-enfant-ecole\/","article_published_time":"2026-04-04T21:06:02+00:00","og_image":[{"width":1920,"height":1072,"url":"https:\/\/mairies-online.com\/blog\/wp-content\/uploads\/2026\/04\/Comment-inscrire-son-enfant-a-lecole-sans-stress-cette-annee.jpg","type":"image\/jpeg"}],"author":"Adam Fontaine","twitter_card":"summary_large_image","twitter_misc":{"\u00c9crit par":"Adam Fontaine","Dur\u00e9e de lecture estim\u00e9e":"3 minutes"},"schema":{"@context":"https:\/\/schema.org","@graph":[{"@type":"Article","@id":"https:\/\/mairies-online.com\/blog\/inscrire-enfant-ecole\/#article","isPartOf":{"@id":"https:\/\/mairies-online.com\/blog\/inscrire-enfant-ecole\/"},"author":{"name":"Adam Fontaine","@id":"https:\/\/mairies-online.com\/blog\/#\/schema\/person\/097040a69656d16bed374eff911b37d7","@type":"Person"},"headline":"Comment inscrire son enfant \u00e0 l&rsquo;\u00e9cole sans stress cette ann\u00e9e","datePublished":"2026-04-04T21:06:02+00:00","mainEntityOfPage":{"@id":"https:\/\/mairies-online.com\/blog\/inscrire-enfant-ecole\/"},"wordCount":553,"image":{"@id":"https:\/\/mairies-online.com\/blog\/inscrire-enfant-ecole\/#primaryimage"},"thumbnailUrl":"https:\/\/mairies-online.com\/blog\/wp-content\/uploads\/2026\/04\/Comment-inscrire-son-enfant-a-lecole-sans-stress-cette-annee.jpg","keywords":["conseils parents","enfant","inscription \u00e9cole","rentr\u00e9e scolaire","sans stress"],"articleSection":["Actualit\u00e9s"],"inLanguage":"fr-FR","isAccessibleForFree":true,"dateModified":"2026-04-04T21:06:02+00:00"},{"@type":"WebPage","@id":"https:\/\/mairies-online.com\/blog\/inscrire-enfant-ecole\/","url":"https:\/\/mairies-online.com\/blog\/inscrire-enfant-ecole\/","name":"Comment inscrire son enfant \u00e0 l'\u00e9cole sans stress cette ann\u00e9e -","isPartOf":{"@id":"https:\/\/mairies-online.com\/blog\/#website"},"primaryImageOfPage":{"@id":"https:\/\/mairies-online.com\/blog\/inscrire-enfant-ecole\/#primaryimage"},"image":{"@id":"https:\/\/mairies-online.com\/blog\/inscrire-enfant-ecole\/#primaryimage"},"thumbnailUrl":"https:\/\/mairies-online.com\/blog\/wp-content\/uploads\/2026\/04\/Comment-inscrire-son-enfant-a-lecole-sans-stress-cette-annee.jpg","datePublished":"2026-04-04T21:06:02+00:00","author":{"@id":"https:\/\/mairies-online.com\/blog\/#\/schema\/person\/097040a69656d16bed374eff911b37d7"},"description":"D\u00e9couvrez comment inscrire votre enfant \u00e0 l'\u00e9cole sans stress cette ann\u00e9e avec nos conseils pratiques et simples pour une rentr\u00e9e sereine.","breadcrumb":{"@id":"https:\/\/mairies-online.com\/blog\/inscrire-enfant-ecole\/#breadcrumb"},"inLanguage":"fr-FR","potentialAction":[{"@type":"ReadAction","target":["https:\/\/mairies-online.com\/blog\/inscrire-enfant-ecole\/"]}]},{"@type":"ImageObject","inLanguage":"fr-FR","@id":"https:\/\/mairies-online.com\/blog\/inscrire-enfant-ecole\/#primaryimage","url":"https:\/\/mairies-online.com\/blog\/wp-content\/uploads\/2026\/04\/Comment-inscrire-son-enfant-a-lecole-sans-stress-cette-annee.jpg","contentUrl":"https:\/\/mairies-online.com\/blog\/wp-content\/uploads\/2026\/04\/Comment-inscrire-son-enfant-a-lecole-sans-stress-cette-annee.jpg","width":1920,"height":1072,"caption":"d\u00e9couvrez nos conseils pratiques pour inscrire votre enfant \u00e0 l'\u00e9cole sans stress cette ann\u00e9e et assurer une rentr\u00e9e sereine et organis\u00e9e."},{"@type":"BreadcrumbList","@id":"https:\/\/mairies-online.com\/blog\/inscrire-enfant-ecole\/#breadcrumb","itemListElement":[{"@type":"ListItem","position":1,"name":"Home","item":"https:\/\/mairies-online.com\/blog\/"},{"@type":"ListItem","position":2,"name":"Comment inscrire son enfant \u00e0 l&rsquo;\u00e9cole sans stress cette ann\u00e9e"}]},{"@type":"WebSite","@id":"https:\/\/mairies-online.com\/blog\/#website","url":"https:\/\/mairies-online.com\/blog\/","name":"","description":"","potentialAction":[{"@type":"SearchAction","target":{"@type":"EntryPoint","urlTemplate":"https:\/\/mairies-online.com\/blog\/?s={search_term_string}"},"query-input":{"@type":"PropertyValueSpecification","valueRequired":true,"valueName":"search_term_string"}}],"inLanguage":"fr-FR"},{"@type":"Person","@id":"https:\/\/mairies-online.com\/blog\/#\/schema\/person\/097040a69656d16bed374eff911b37d7","name":"Adam Fontaine","image":{"@type":"ImageObject","inLanguage":"fr-FR","@id":"https:\/\/mairies-online.com\/blog\/wp-content\/uploads\/2026\/03\/user-avatar-96x96.jpg","url":"https:\/\/mairies-online.com\/blog\/wp-content\/uploads\/2026\/03\/user-avatar-96x96.jpg","contentUrl":"https:\/\/mairies-online.com\/blog\/wp-content\/uploads\/2026\/03\/user-avatar-96x96.jpg","caption":"Adam Fontaine"},"description":"Journaliste sp\u00e9cialis\u00e9 en collectivit\u00e9s territoriales et politiques publiques locales depuis plus de 15 ans. Ancien attach\u00e9 territorial, Adam Fontaine couvre l'actualit\u00e9 des mairies, intercommunalit\u00e9s et services publics de proximit\u00e9. Expert en finances locales, urbanisme et action sociale communale, il d\u00e9crypte les dispositifs d'aide, les r\u00e9formes institutionnelles et les enjeux du quotidien des administr\u00e9s. Ses analyses s'appuient sur une connaissance approfondie du terrain et des sources officielles (DGCL, AMF, Cour des comptes). Contributeur r\u00e9gulier de Mairies Online depuis 2019.","url":"https:\/\/mairies-online.com\/blog\/author\/adam-fontaine-48\/"}]}},"views":237,"_links":{"self":[{"href":"https:\/\/mairies-online.com\/blog\/wp-json\/wp\/v2\/posts\/8755","targetHints":{"allow":["GET"]}}],"collection":[{"href":"https:\/\/mairies-online.com\/blog\/wp-json\/wp\/v2\/posts"}],"about":[{"href":"https:\/\/mairies-online.com\/blog\/wp-json\/wp\/v2\/types\/post"}],"author":[{"embeddable":true,"href":"https:\/\/mairies-online.com\/blog\/wp-json\/wp\/v2\/users\/6"}],"replies":[{"embeddable":true,"href":"https:\/\/mairies-online.com\/blog\/wp-json\/wp\/v2\/comments?post=8755"}],"version-history":[{"count":0,"href":"https:\/\/mairies-online.com\/blog\/wp-json\/wp\/v2\/posts\/8755\/revisions"}],"wp:featuredmedia":[{"embeddable":true,"href":"https:\/\/mairies-online.com\/blog\/wp-json\/wp\/v2\/media\/8754"}],"wp:attachment":[{"href":"https:\/\/mairies-online.com\/blog\/wp-json\/wp\/v2\/media?parent=8755"}],"wp:term":[{"taxonomy":"category","embeddable":true,"href":"https:\/\/mairies-online.com\/blog\/wp-json\/wp\/v2\/categories?post=8755"},{"taxonomy":"post_tag","embeddable":true,"href":"https:\/\/mairies-online.com\/blog\/wp-json\/wp\/v2\/tags?post=8755"}],"curies":[{"name":"wp","href":"https:\/\/api.w.org\/{rel}","templated":true}]}}