{"id":8749,"date":"2026-04-03T21:04:32","date_gmt":"2026-04-03T21:04:32","guid":{"rendered":"https:\/\/mairies-online.com\/blog\/communes-gardent-enfants-ete\/"},"modified":"2026-04-03T21:04:32","modified_gmt":"2026-04-03T21:04:32","slug":"communes-gardent-enfants-ete","status":"publish","type":"post","link":"https:\/\/mairies-online.com\/blog\/communes-gardent-enfants-ete\/","title":{"rendered":"Ces communes qui gardent vos enfants gratuitement cet \u00e9t\u00e9"},"content":{"rendered":"<p><strong>En bref :<\/strong><\/p>\n\n<ul class=\"wp-block-list\"><li>Plusieurs <strong>communes<\/strong> proposent une <strong>garde d&rsquo;enfants<\/strong> <strong>gratuite<\/strong> pendant l\u2019<strong>\u00e9t\u00e9<\/strong>.<\/li><li>Exemples concrets : M\u00e9tropole de Lyon (100+ activit\u00e9s), Cugnaux (s\u00e9jours \u00e9t\u00e9 2026), Agglo Seine\u2011Eure (accueils 3\u201117 ans).<\/li><li>Consulte le catalogue Pass&rsquo;Colo et les sites municipaux pour s\u2019inscrire rapidement.<\/li><\/ul>\n\n<p>Tu veux savoir lesquelles peuvent garder tes enfants gratuitement cet \u00e9t\u00e9 sans te ruiner ? D\u00e8s maintenant, des villes comme Lyon, Cugnaux et plusieurs intercommunalit\u00e9s affichent des plages d&rsquo;accueil p\u00e9riscolaire et d\u2019animations jeunesse sans frais pendant les vacances scolaires.<\/p>\n\n<h2 class=\"wp-block-heading\">Communes et offres concr\u00e8tes pr\u00e8s de chez toi<\/h2>\n\n<p>La <strong>M\u00e9tropole de Lyon<\/strong> propose plus de 100 activit\u00e9s gratuites du 7 juillet au 8 ao\u00fbt (places limit\u00e9es). \u00c0 <strong>Cugnaux<\/strong>, la mairie ouvre des s\u00e9jours enfance et jeunesse avec inscriptions pour l\u2019\u00e9t\u00e9 2026; l\u2019<strong>Agglo Seine\u2011Eure<\/strong> accueille les 3\u201117 ans via ses accueils de loisirs. V\u00e9rifie les cr\u00e9neaux et crit\u00e8res de r\u00e9sidence sur les sites locaux list\u00e9s ci\u2011dessous pour ne pas manquer la date d\u2019ouverture des inscriptions.<\/p>\n\n<h2 class=\"wp-block-heading\">Comment fonctionnent les services municipaux cet \u00e9t\u00e9<\/h2>\n\n<p>Les services municipaux organisent accueil p\u00e9riscolaire, animations et parfois colos subventionn\u00e9es. Le <strong>Pass&rsquo;Colo<\/strong> r\u00e9duit le prix des s\u00e9jours et figure dans le catalogue officiel ; certaines offres de communes deviennent ainsi gratuites ou quasi\u2011gratuites. Consulte la fiche pratique pour conna\u00eetre les droits et d\u00e9marches, notamment conditions d&rsquo;inscription et crit\u00e8res d\u2019\u00e2ge.<\/p>\n\n<h2 class=\"wp-block-heading\">Activit\u00e9s estivales propos\u00e9es et exemples<\/h2>\n\n<p>Ateliers cr\u00e9atifs, sorties nature, sports et clubs enfants : c\u2019est souvent le menu. Des op\u00e9rateurs priv\u00e9s et publics se coordonnent (ex. clubs VVF ou \u00e9cologe family). Voici un aper\u00e7u des activit\u00e9s les plus fr\u00e9quentes :<\/p>\n\n<ul class=\"wp-block-list\"><li>Ateliers manuels et th\u00e9\u00e2tre (3\u201112 ans)<\/li><li>Sports collectifs et natation (6\u201114 ans)<\/li><li>S\u00e9jours courts en internat ou journ\u00e9e \u00ab colo \u00bb (6\u201117 ans)<\/li><\/ul>\n\n<h2 class=\"wp-block-heading\">Inscription, aides et bons plans pratiques<\/h2>\n\n<p>Proc\u00e8de en trois \u00e9tapes : v\u00e9rifie la publication municipale, r\u00e9serve en ligne ou au guichet, et demande les aides disponibles. Le catalogue Pass&rsquo;Colo r\u00e9f\u00e9rence les colos \u00e9ligibles ; certaines offres priv\u00e9es offrent la gratuit\u00e9 pour un enfant de moins de 6 ans (ex. promotions Domaine Ch\u00e2teau Laval). Pour les aides sociales et la garde d\u2019urgence, consulte les ressources locales avant d\u2019envoyer ton dossier.<\/p>\n\n<figure class=\"wp-block-table\"><table>\n<thead>\n<tr>\n<th>Commune \/ organisme<\/th>\n<th>Offre<\/th>\n<th>Public<\/th>\n<th>Lien<\/th>\n<\/tr>\n<\/thead>\n<tbody>\n<tr>\n<td>Metropole de Lyon<\/td>\n<td>100+ activit\u00e9s gratuites (7\/07-8\/08)<\/td>\n<td>3-17 ans<\/td>\n<td><a href=\"https:\/\/www.grandlyon.com\/mes-services-au-quotidien\/decouvrir-sortir-saerer\/ete-dans-la-metropole\" rel=\"nofollow\">M\u00e9tropole de Lyon &#8211; \u00e9t\u00e9<\/a><\/td>\n<\/tr>\n<tr>\n<td>Cugnaux<\/td>\n<td>S\u00e9jours enfance et jeunesse \u00e9t\u00e9 2026<\/td>\n<td>3-17 ans<\/td>\n<td><a href=\"https:\/\/www.ville-cugnaux.fr\/actualites\/les-sejours-enfance-et-jeunesse-ete-2026\/\" rel=\"nofollow\">Cugnaux &#8211; s\u00e9jours 2026<\/a><\/td>\n<\/tr>\n<tr>\n<td>Agglo Seine\u2011Eure<\/td>\n<td>Accueils de loisirs et animations<\/td>\n<td>3-17 ans<\/td>\n<td><a href=\"https:\/\/www.agglo-seine-eure.fr\/actualites\/jeunesse\/\" rel=\"nofollow\">Agglo Seine\u2011Eure &#8211; jeunesse<\/a><\/td>\n<\/tr>\n<\/tbody>\n<\/table><\/figure>\n\n<p>Pour v\u00e9rifier si ta <strong>commune<\/strong> propose une <strong>garde d&rsquo;enfants<\/strong> <strong>gratuite<\/strong> cet \u00e9t\u00e9 et comment t\u2019inscrire, rends\u2011toi sur mairies-online.com et consulte la fiche de ta mairie : tu auras toutes les dates d\u2019ouverture, les conditions d\u2019acc\u00e8s et les coordonn\u00e9es des services municipaux.<\/p>\n\n<script type=\"application\/ld+json\">\n{\"@context\":\"https:\/\/schema.org\",\"@type\":\"FAQPage\",\"mainEntity\":[{\"@type\":\"Question\",\"name\":\"Qui peut bu00e9nu00e9ficier de la garde gratuite ?\",\"acceptedAnswer\":{\"@type\":\"Answer\",\"text\":\"Selon la commune, prioritu00e9 aux ru00e9sidents et aux enfants inscrits dans les u00e9coles locales ; tranches du2019u00e2ge courantes : 3u201317 ans.\"}},{\"@type\":\"Question\",\"name\":\"Fautu2011il des justificatifs ?\",\"acceptedAnswer\":{\"@type\":\"Answer\",\"text\":\"Oui : carte du2019identitu00e9 ou livret de famille, justificatif de domicile, et parfois attestation CAF pour certaines aides.\"}},{\"@type\":\"Question\",\"name\":\"Le Pass'Colo rendu2011il une colo totalement gratuite ?\",\"acceptedAnswer\":{\"@type\":\"Answer\",\"text\":\"Le Pass'Colo ru00e9duit le cou00fbt du su00e9jour selon le montant attribuu00e9 ; certaines communes complu00e8tent la prise en charge pour que la famille nu2019ait rien u00e0 du00e9bourser.\"}}]}\n<\/script>\n<h3>Qui peut b\u00e9n\u00e9ficier de la garde gratuite ?<\/h3>\n<p>Selon la commune, priorit\u00e9 aux r\u00e9sidents et aux enfants inscrits dans les \u00e9coles locales ; tranches d\u2019\u00e2ge courantes : 3\u201317 ans.<\/p>\n<h3>Faut\u2011il des justificatifs ?<\/h3>\n<p>Oui : carte d\u2019identit\u00e9 ou livret de famille, justificatif de domicile, et parfois attestation CAF pour certaines aides.<\/p>\n<h3>Le Pass&rsquo;Colo rend\u2011il une colo totalement gratuite ?<\/h3>\n<p>Le Pass&rsquo;Colo r\u00e9duit le co\u00fbt du s\u00e9jour selon le montant attribu\u00e9 ; certaines communes compl\u00e8tent la prise en charge pour que la famille n\u2019ait rien \u00e0 d\u00e9bourser.<\/p>\n\n","protected":false},"excerpt":{"rendered":"<p>En bref : Tu veux savoir lesquelles peuvent garder tes enfants gratuitement cet \u00e9t\u00e9 sans te ruiner ? D\u00e8s maintenant, des villes comme Lyon, Cugnaux et plusieurs intercommunalit\u00e9s affichent des plages d&rsquo;accueil p\u00e9riscolaire et d\u2019animations jeunesse sans frais pendant les vacances scolaires. Communes et offres concr\u00e8tes pr\u00e8s de chez toi La M\u00e9tropole de Lyon propose &#8230; <a title=\"Ces communes qui gardent vos enfants gratuitement cet \u00e9t\u00e9\" class=\"read-more\" href=\"https:\/\/mairies-online.com\/blog\/communes-gardent-enfants-ete\/\" aria-label=\"En savoir plus sur Ces communes qui gardent vos enfants gratuitement cet \u00e9t\u00e9\">Lire la suite<\/a><\/p>\n","protected":false},"author":6,"featured_media":8748,"comment_status":"","ping_status":"","sticky":false,"template":"","format":"standard","meta":{"footnotes":""},"categories":[1],"tags":[24133,24078,423,24131,24132],"class_list":["post-8749","post","type-post","status-publish","format-standard","has-post-thumbnail","hentry","category-actualites","tag-activites-pour-enfants","tag-communes","tag-ete","tag-garde-denfants","tag-gratuit"],"yoast_head":"<!-- This site is optimized with the Yoast SEO plugin v27.5 - https:\/\/yoast.com\/product\/yoast-seo-wordpress\/ -->\n<title>Ces communes qui gardent vos enfants gratuitement cet \u00e9t\u00e9 -<\/title>\n<meta name=\"description\" content=\"D\u00e9couvrez les communes qui proposent des activit\u00e9s gratuites pour garder vos enfants tout l&#039;\u00e9t\u00e9, pour des vacances sereines et \u00e9conomiques.\" \/>\n<meta name=\"robots\" content=\"index, follow, max-snippet:-1, max-image-preview:large, max-video-preview:-1\" \/>\n<link rel=\"canonical\" href=\"https:\/\/mairies-online.com\/blog\/communes-gardent-enfants-ete\/\" \/>\n<meta property=\"og:locale\" content=\"fr_FR\" \/>\n<meta property=\"og:type\" content=\"article\" \/>\n<meta property=\"og:title\" content=\"Ces communes qui gardent vos enfants gratuitement cet \u00e9t\u00e9 -\" \/>\n<meta property=\"og:description\" content=\"D\u00e9couvrez les communes qui proposent des activit\u00e9s gratuites pour garder vos enfants tout l&#039;\u00e9t\u00e9, pour des vacances sereines et \u00e9conomiques.\" \/>\n<meta property=\"og:url\" content=\"https:\/\/mairies-online.com\/blog\/communes-gardent-enfants-ete\/\" \/>\n<meta property=\"article:published_time\" content=\"2026-04-03T21:04:32+00:00\" \/>\n<meta property=\"og:image\" content=\"https:\/\/mairies-online.com\/blog\/wp-content\/uploads\/2026\/04\/Ces-communes-qui-gardent-vos-enfants-gratuitement-cet-ete.jpg\" \/>\n\t<meta property=\"og:image:width\" content=\"1920\" \/>\n\t<meta property=\"og:image:height\" content=\"1072\" \/>\n\t<meta property=\"og:image:type\" content=\"image\/jpeg\" \/>\n<meta name=\"author\" content=\"Adam Fontaine\" \/>\n<meta name=\"twitter:card\" content=\"summary_large_image\" \/>\n<meta name=\"twitter:label1\" content=\"\u00c9crit par\" \/>\n\t<meta name=\"twitter:data1\" content=\"Adam Fontaine\" \/>\n\t<meta name=\"twitter:label2\" content=\"Dur\u00e9e de lecture estim\u00e9e\" \/>\n\t<meta name=\"twitter:data2\" content=\"3 minutes\" \/>\n<script type=\"application\/ld+json\" class=\"yoast-schema-graph\">{\"@context\":\"https:\\\/\\\/schema.org\",\"@graph\":[{\"@type\":\"Article\",\"@id\":\"https:\\\/\\\/mairies-online.com\\\/blog\\\/communes-gardent-enfants-ete\\\/#article\",\"isPartOf\":{\"@id\":\"https:\\\/\\\/mairies-online.com\\\/blog\\\/communes-gardent-enfants-ete\\\/\"},\"author\":{\"name\":\"Adam Fontaine\",\"@id\":\"https:\\\/\\\/mairies-online.com\\\/blog\\\/#\\\/schema\\\/person\\\/097040a69656d16bed374eff911b37d7\",\"@type\":\"Person\"},\"headline\":\"Ces communes qui gardent vos enfants gratuitement cet \u00e9t\u00e9\",\"datePublished\":\"2026-04-03T21:04:32+00:00\",\"mainEntityOfPage\":{\"@id\":\"https:\\\/\\\/mairies-online.com\\\/blog\\\/communes-gardent-enfants-ete\\\/\"},\"wordCount\":571,\"image\":{\"@id\":\"https:\\\/\\\/mairies-online.com\\\/blog\\\/communes-gardent-enfants-ete\\\/#primaryimage\"},\"thumbnailUrl\":\"https:\\\/\\\/mairies-online.com\\\/blog\\\/wp-content\\\/uploads\\\/2026\\\/04\\\/Ces-communes-qui-gardent-vos-enfants-gratuitement-cet-ete.jpg\",\"keywords\":[\"activit\u00e9s pour enfants\",\"communes\",\"\u00e9t\u00e9\",\"garde d'enfants\",\"gratuit\"],\"articleSection\":[\"Actualit\u00e9s\"],\"inLanguage\":\"fr-FR\",\"isAccessibleForFree\":true,\"dateModified\":\"2026-04-03T21:04:32+00:00\"},{\"@type\":\"WebPage\",\"@id\":\"https:\\\/\\\/mairies-online.com\\\/blog\\\/communes-gardent-enfants-ete\\\/\",\"url\":\"https:\\\/\\\/mairies-online.com\\\/blog\\\/communes-gardent-enfants-ete\\\/\",\"name\":\"Ces communes qui gardent vos enfants gratuitement cet \u00e9t\u00e9 -\",\"isPartOf\":{\"@id\":\"https:\\\/\\\/mairies-online.com\\\/blog\\\/#website\"},\"primaryImageOfPage\":{\"@id\":\"https:\\\/\\\/mairies-online.com\\\/blog\\\/communes-gardent-enfants-ete\\\/#primaryimage\"},\"image\":{\"@id\":\"https:\\\/\\\/mairies-online.com\\\/blog\\\/communes-gardent-enfants-ete\\\/#primaryimage\"},\"thumbnailUrl\":\"https:\\\/\\\/mairies-online.com\\\/blog\\\/wp-content\\\/uploads\\\/2026\\\/04\\\/Ces-communes-qui-gardent-vos-enfants-gratuitement-cet-ete.jpg\",\"datePublished\":\"2026-04-03T21:04:32+00:00\",\"author\":{\"@id\":\"https:\\\/\\\/mairies-online.com\\\/blog\\\/#\\\/schema\\\/person\\\/097040a69656d16bed374eff911b37d7\"},\"description\":\"D\u00e9couvrez les communes qui proposent des activit\u00e9s gratuites pour garder vos enfants tout l'\u00e9t\u00e9, pour des vacances sereines et \u00e9conomiques.\",\"breadcrumb\":{\"@id\":\"https:\\\/\\\/mairies-online.com\\\/blog\\\/communes-gardent-enfants-ete\\\/#breadcrumb\"},\"inLanguage\":\"fr-FR\",\"potentialAction\":[{\"@type\":\"ReadAction\",\"target\":[\"https:\\\/\\\/mairies-online.com\\\/blog\\\/communes-gardent-enfants-ete\\\/\"]}]},{\"@type\":\"ImageObject\",\"inLanguage\":\"fr-FR\",\"@id\":\"https:\\\/\\\/mairies-online.com\\\/blog\\\/communes-gardent-enfants-ete\\\/#primaryimage\",\"url\":\"https:\\\/\\\/mairies-online.com\\\/blog\\\/wp-content\\\/uploads\\\/2026\\\/04\\\/Ces-communes-qui-gardent-vos-enfants-gratuitement-cet-ete.jpg\",\"contentUrl\":\"https:\\\/\\\/mairies-online.com\\\/blog\\\/wp-content\\\/uploads\\\/2026\\\/04\\\/Ces-communes-qui-gardent-vos-enfants-gratuitement-cet-ete.jpg\",\"width\":1920,\"height\":1072,\"caption\":\"d\u00e9couvrez les communes qui offrent un service gratuit de garde d'enfants pendant l'\u00e9t\u00e9, pour faciliter la vie des parents tout en assurant le bien-\u00eatre des petits.\"},{\"@type\":\"BreadcrumbList\",\"@id\":\"https:\\\/\\\/mairies-online.com\\\/blog\\\/communes-gardent-enfants-ete\\\/#breadcrumb\",\"itemListElement\":[{\"@type\":\"ListItem\",\"position\":1,\"name\":\"Home\",\"item\":\"https:\\\/\\\/mairies-online.com\\\/blog\\\/\"},{\"@type\":\"ListItem\",\"position\":2,\"name\":\"Ces communes qui gardent vos enfants gratuitement cet \u00e9t\u00e9\"}]},{\"@type\":\"WebSite\",\"@id\":\"https:\\\/\\\/mairies-online.com\\\/blog\\\/#website\",\"url\":\"https:\\\/\\\/mairies-online.com\\\/blog\\\/\",\"name\":\"\",\"description\":\"\",\"potentialAction\":[{\"@type\":\"SearchAction\",\"target\":{\"@type\":\"EntryPoint\",\"urlTemplate\":\"https:\\\/\\\/mairies-online.com\\\/blog\\\/?s={search_term_string}\"},\"query-input\":{\"@type\":\"PropertyValueSpecification\",\"valueRequired\":true,\"valueName\":\"search_term_string\"}}],\"inLanguage\":\"fr-FR\"},{\"@type\":\"Person\",\"@id\":\"https:\\\/\\\/mairies-online.com\\\/blog\\\/#\\\/schema\\\/person\\\/097040a69656d16bed374eff911b37d7\",\"name\":\"Adam Fontaine\",\"image\":{\"@type\":\"ImageObject\",\"inLanguage\":\"fr-FR\",\"@id\":\"https:\\\/\\\/mairies-online.com\\\/blog\\\/wp-content\\\/uploads\\\/2026\\\/03\\\/user-avatar-96x96.jpg\",\"url\":\"https:\\\/\\\/mairies-online.com\\\/blog\\\/wp-content\\\/uploads\\\/2026\\\/03\\\/user-avatar-96x96.jpg\",\"contentUrl\":\"https:\\\/\\\/mairies-online.com\\\/blog\\\/wp-content\\\/uploads\\\/2026\\\/03\\\/user-avatar-96x96.jpg\",\"caption\":\"Adam Fontaine\"},\"description\":\"Journaliste sp\u00e9cialis\u00e9 en collectivit\u00e9s territoriales et politiques publiques locales depuis plus de 15 ans. Ancien attach\u00e9 territorial, Adam Fontaine couvre l'actualit\u00e9 des mairies, intercommunalit\u00e9s et services publics de proximit\u00e9. Expert en finances locales, urbanisme et action sociale communale, il d\u00e9crypte les dispositifs d'aide, les r\u00e9formes institutionnelles et les enjeux du quotidien des administr\u00e9s. Ses analyses s'appuient sur une connaissance approfondie du terrain et des sources officielles (DGCL, AMF, Cour des comptes). Contributeur r\u00e9gulier de Mairies Online depuis 2019.\",\"url\":\"https:\\\/\\\/mairies-online.com\\\/blog\\\/author\\\/adam-fontaine-48\\\/\"}]}<\/script>\n<!-- \/ Yoast SEO plugin. -->","yoast_head_json":{"title":"Ces communes qui gardent vos enfants gratuitement cet \u00e9t\u00e9 -","description":"D\u00e9couvrez les communes qui proposent des activit\u00e9s gratuites pour garder vos enfants tout l'\u00e9t\u00e9, pour des vacances sereines et \u00e9conomiques.","robots":{"index":"index","follow":"follow","max-snippet":"max-snippet:-1","max-image-preview":"max-image-preview:large","max-video-preview":"max-video-preview:-1"},"canonical":"https:\/\/mairies-online.com\/blog\/communes-gardent-enfants-ete\/","og_locale":"fr_FR","og_type":"article","og_title":"Ces communes qui gardent vos enfants gratuitement cet \u00e9t\u00e9 -","og_description":"D\u00e9couvrez les communes qui proposent des activit\u00e9s gratuites pour garder vos enfants tout l'\u00e9t\u00e9, pour des vacances sereines et \u00e9conomiques.","og_url":"https:\/\/mairies-online.com\/blog\/communes-gardent-enfants-ete\/","article_published_time":"2026-04-03T21:04:32+00:00","og_image":[{"width":1920,"height":1072,"url":"https:\/\/mairies-online.com\/blog\/wp-content\/uploads\/2026\/04\/Ces-communes-qui-gardent-vos-enfants-gratuitement-cet-ete.jpg","type":"image\/jpeg"}],"author":"Adam Fontaine","twitter_card":"summary_large_image","twitter_misc":{"\u00c9crit par":"Adam Fontaine","Dur\u00e9e de lecture estim\u00e9e":"3 minutes"},"schema":{"@context":"https:\/\/schema.org","@graph":[{"@type":"Article","@id":"https:\/\/mairies-online.com\/blog\/communes-gardent-enfants-ete\/#article","isPartOf":{"@id":"https:\/\/mairies-online.com\/blog\/communes-gardent-enfants-ete\/"},"author":{"name":"Adam Fontaine","@id":"https:\/\/mairies-online.com\/blog\/#\/schema\/person\/097040a69656d16bed374eff911b37d7","@type":"Person"},"headline":"Ces communes qui gardent vos enfants gratuitement cet \u00e9t\u00e9","datePublished":"2026-04-03T21:04:32+00:00","mainEntityOfPage":{"@id":"https:\/\/mairies-online.com\/blog\/communes-gardent-enfants-ete\/"},"wordCount":571,"image":{"@id":"https:\/\/mairies-online.com\/blog\/communes-gardent-enfants-ete\/#primaryimage"},"thumbnailUrl":"https:\/\/mairies-online.com\/blog\/wp-content\/uploads\/2026\/04\/Ces-communes-qui-gardent-vos-enfants-gratuitement-cet-ete.jpg","keywords":["activit\u00e9s pour enfants","communes","\u00e9t\u00e9","garde d'enfants","gratuit"],"articleSection":["Actualit\u00e9s"],"inLanguage":"fr-FR","isAccessibleForFree":true,"dateModified":"2026-04-03T21:04:32+00:00"},{"@type":"WebPage","@id":"https:\/\/mairies-online.com\/blog\/communes-gardent-enfants-ete\/","url":"https:\/\/mairies-online.com\/blog\/communes-gardent-enfants-ete\/","name":"Ces communes qui gardent vos enfants gratuitement cet \u00e9t\u00e9 -","isPartOf":{"@id":"https:\/\/mairies-online.com\/blog\/#website"},"primaryImageOfPage":{"@id":"https:\/\/mairies-online.com\/blog\/communes-gardent-enfants-ete\/#primaryimage"},"image":{"@id":"https:\/\/mairies-online.com\/blog\/communes-gardent-enfants-ete\/#primaryimage"},"thumbnailUrl":"https:\/\/mairies-online.com\/blog\/wp-content\/uploads\/2026\/04\/Ces-communes-qui-gardent-vos-enfants-gratuitement-cet-ete.jpg","datePublished":"2026-04-03T21:04:32+00:00","author":{"@id":"https:\/\/mairies-online.com\/blog\/#\/schema\/person\/097040a69656d16bed374eff911b37d7"},"description":"D\u00e9couvrez les communes qui proposent des activit\u00e9s gratuites pour garder vos enfants tout l'\u00e9t\u00e9, pour des vacances sereines et \u00e9conomiques.","breadcrumb":{"@id":"https:\/\/mairies-online.com\/blog\/communes-gardent-enfants-ete\/#breadcrumb"},"inLanguage":"fr-FR","potentialAction":[{"@type":"ReadAction","target":["https:\/\/mairies-online.com\/blog\/communes-gardent-enfants-ete\/"]}]},{"@type":"ImageObject","inLanguage":"fr-FR","@id":"https:\/\/mairies-online.com\/blog\/communes-gardent-enfants-ete\/#primaryimage","url":"https:\/\/mairies-online.com\/blog\/wp-content\/uploads\/2026\/04\/Ces-communes-qui-gardent-vos-enfants-gratuitement-cet-ete.jpg","contentUrl":"https:\/\/mairies-online.com\/blog\/wp-content\/uploads\/2026\/04\/Ces-communes-qui-gardent-vos-enfants-gratuitement-cet-ete.jpg","width":1920,"height":1072,"caption":"d\u00e9couvrez les communes qui offrent un service gratuit de garde d'enfants pendant l'\u00e9t\u00e9, pour faciliter la vie des parents tout en assurant le bien-\u00eatre des petits."},{"@type":"BreadcrumbList","@id":"https:\/\/mairies-online.com\/blog\/communes-gardent-enfants-ete\/#breadcrumb","itemListElement":[{"@type":"ListItem","position":1,"name":"Home","item":"https:\/\/mairies-online.com\/blog\/"},{"@type":"ListItem","position":2,"name":"Ces communes qui gardent vos enfants gratuitement cet \u00e9t\u00e9"}]},{"@type":"WebSite","@id":"https:\/\/mairies-online.com\/blog\/#website","url":"https:\/\/mairies-online.com\/blog\/","name":"","description":"","potentialAction":[{"@type":"SearchAction","target":{"@type":"EntryPoint","urlTemplate":"https:\/\/mairies-online.com\/blog\/?s={search_term_string}"},"query-input":{"@type":"PropertyValueSpecification","valueRequired":true,"valueName":"search_term_string"}}],"inLanguage":"fr-FR"},{"@type":"Person","@id":"https:\/\/mairies-online.com\/blog\/#\/schema\/person\/097040a69656d16bed374eff911b37d7","name":"Adam Fontaine","image":{"@type":"ImageObject","inLanguage":"fr-FR","@id":"https:\/\/mairies-online.com\/blog\/wp-content\/uploads\/2026\/03\/user-avatar-96x96.jpg","url":"https:\/\/mairies-online.com\/blog\/wp-content\/uploads\/2026\/03\/user-avatar-96x96.jpg","contentUrl":"https:\/\/mairies-online.com\/blog\/wp-content\/uploads\/2026\/03\/user-avatar-96x96.jpg","caption":"Adam Fontaine"},"description":"Journaliste sp\u00e9cialis\u00e9 en collectivit\u00e9s territoriales et politiques publiques locales depuis plus de 15 ans. Ancien attach\u00e9 territorial, Adam Fontaine couvre l'actualit\u00e9 des mairies, intercommunalit\u00e9s et services publics de proximit\u00e9. Expert en finances locales, urbanisme et action sociale communale, il d\u00e9crypte les dispositifs d'aide, les r\u00e9formes institutionnelles et les enjeux du quotidien des administr\u00e9s. Ses analyses s'appuient sur une connaissance approfondie du terrain et des sources officielles (DGCL, AMF, Cour des comptes). Contributeur r\u00e9gulier de Mairies Online depuis 2019.","url":"https:\/\/mairies-online.com\/blog\/author\/adam-fontaine-48\/"}]}},"views":279,"_links":{"self":[{"href":"https:\/\/mairies-online.com\/blog\/wp-json\/wp\/v2\/posts\/8749","targetHints":{"allow":["GET"]}}],"collection":[{"href":"https:\/\/mairies-online.com\/blog\/wp-json\/wp\/v2\/posts"}],"about":[{"href":"https:\/\/mairies-online.com\/blog\/wp-json\/wp\/v2\/types\/post"}],"author":[{"embeddable":true,"href":"https:\/\/mairies-online.com\/blog\/wp-json\/wp\/v2\/users\/6"}],"replies":[{"embeddable":true,"href":"https:\/\/mairies-online.com\/blog\/wp-json\/wp\/v2\/comments?post=8749"}],"version-history":[{"count":0,"href":"https:\/\/mairies-online.com\/blog\/wp-json\/wp\/v2\/posts\/8749\/revisions"}],"wp:featuredmedia":[{"embeddable":true,"href":"https:\/\/mairies-online.com\/blog\/wp-json\/wp\/v2\/media\/8748"}],"wp:attachment":[{"href":"https:\/\/mairies-online.com\/blog\/wp-json\/wp\/v2\/media?parent=8749"}],"wp:term":[{"taxonomy":"category","embeddable":true,"href":"https:\/\/mairies-online.com\/blog\/wp-json\/wp\/v2\/categories?post=8749"},{"taxonomy":"post_tag","embeddable":true,"href":"https:\/\/mairies-online.com\/blog\/wp-json\/wp\/v2\/tags?post=8749"}],"curies":[{"name":"wp","href":"https:\/\/api.w.org\/{rel}","templated":true}]}}