{"id":8743,"date":"2026-04-02T21:03:07","date_gmt":"2026-04-02T21:03:07","guid":{"rendered":"https:\/\/mairies-online.com\/blog\/droit-logement-mairie\/"},"modified":"2026-04-02T21:03:07","modified_gmt":"2026-04-02T21:03:07","slug":"droit-logement-mairie","status":"publish","type":"post","link":"https:\/\/mairies-online.com\/blog\/droit-logement-mairie\/","title":{"rendered":"Le droit au logement que votre mairie ne vous dit pas"},"content":{"rendered":"<p><strong>En bref :<\/strong><\/p>\n\n<ul class=\"wp-block-list\"><li>Le <strong>droit au logement<\/strong> (DALO) reconna\u00eet une priorit\u00e9 pour les plus vuln\u00e9rables.<\/li><li>4,2 millions de personnes \u00e9taient mal log\u00e9es en 2024 selon la Fondation Abb\u00e9 Pierre.<\/li><li>La <strong>mairie<\/strong> et le pr\u00e9fet ont des obligations : information, relogement, h\u00e9bergement.<\/li><li>Tu peux d\u00e9poser un dossier CERFA aupr\u00e8s de la commission de m\u00e9diation d\u00e9partementale.<\/li><li>Des recours existent : injonction, indemnisation, et aide juridique.<\/li><\/ul>\n\n<p>Tu te sens coinc\u00e9 par une expulsion, un logement insalubre ou une attente interminable pour un logement social ? Voici ce que ta mairie ne te dira pas forc\u00e9ment, mais que tu dois conna\u00eetre pour faire valoir ton <strong>droit au logement<\/strong>.<\/p>\n\n<h2 class=\"wp-block-heading\">Qu\u2019est-ce que le DALO et qui peut en b\u00e9n\u00e9ficier<\/h2>\n\n<p>La loi DALO de 2007 fait de l&rsquo;\u00c9tat le garant du <strong>droit au logement<\/strong> pour les personnes ne pouvant acc\u00e9der \u00e0 un logement d\u00e9cent. Sont concern\u00e9s : les sans-domicile, menac\u00e9s d\u2019<strong>expulsions<\/strong>, log\u00e9s dans des locaux insalubres, ou en attente anormalement longue d\u2019un <strong>logement social<\/strong>.<\/p>\n\n<figure class=\"wp-block-table\"><table>\n<thead>\n<tr>\n<th>Situation<\/th>\n<th>Exemple<\/th>\n<\/tr>\n<\/thead>\n<tbody>\n<tr>\n<td>Sans domicile<\/td>\n<td>Personne h\u00e9berg\u00e9e chez un proche \u00e0 Paris (75)<\/td>\n<\/tr>\n<tr>\n<td>Insalubrit\u00e9<\/td>\n<td>Appartement \u00e0 Marseille signal\u00e9 par le service d\u2019hygi\u00e8ne<\/td>\n<\/tr>\n<tr>\n<td>Attente longue<\/td>\n<td>File d\u2019attente \u00e0 Cr\u00e9teil (94) &gt; 3 ans selon le d\u00e9partement<\/td>\n<\/tr>\n<\/tbody>\n<\/table><\/figure>\n\n<h2 class=\"wp-block-heading\">Comment d\u00e9poser un dossier DALO en pratique<\/h2>\n\n<p>Commence par enregistrer ta demande de logement social et r\u00e9unir un dossier CERFA avec pi\u00e8ces d\u2019identit\u00e9, justificatifs de revenus, bail, rapports d\u2019insalubrit\u00e9. La commission de m\u00e9diation (COMED) a 3 mois pour r\u00e9pondre. \u00c0 titre d\u2019exemple, \u00e0 Lyon la proc\u00e9dure locale exige souvent des justificatifs m\u00e9dicaux pour les cas de handicap.<\/p>\n\n<ul class=\"wp-block-list\"><li>O\u00f9 t\u2019aider : <a href=\"https:\/\/service-public.gouv.fr\/particuliers\/vosdroits\/F18005\" rel=\"nofollow\">Service-public<\/a> et <a href=\"https:\/\/www.actionlogement.fr\/guides\/trouver-un-logement\/le-droit-au-logement-opposable\" rel=\"nofollow\">Action Logement<\/a>.<\/li><\/ul>\n\n<h2 class=\"wp-block-heading\">Recours, refus et obligations de la mairie<\/h2>\n\n<p>Si la COMED te reconna\u00eet prioritaire et que le pr\u00e9fet ne propose rien dans les 3 \u00e0 6 mois, tu peux saisir le tribunal administratif en injonction. Le juge peut ordonner le relogement et prononcer une astreinte \u00e9quivalente au loyer moyen d\u2019un logement adapt\u00e9. Attention : refuser une offre sans motif l\u00e9gitime peut te faire perdre le b\u00e9n\u00e9fice du statut prioritaire.<\/p>\n\n<p>Pour des ressources pratiques sur l\u2019<strong>acc\u00e8s au logement<\/strong>, la <strong>transparence<\/strong> des politiques municipales et les aides locales, consulte les fiches et t\u00e9moignages : <a href=\"https:\/\/mairies-online.com\/blog\/aides-municipales-non-reclamees\/\" rel=\"nofollow\">aides municipales<\/a> et la page sur la <a href=\"https:\/\/mairies-online.com\/blog\/mairie-proprietaire-silence\/\" rel=\"nofollow\">mairie propri\u00e9taire et silence<\/a>.<\/p>\n\n<p>Tu veux savoir pr\u00e9cis\u00e9ment ce que ta <strong>mairie<\/strong> peut faire pour toi ? Rendez\u2011toi sur mairies-online.com pour trouver les contacts, d\u00e9marches et aides disponibles dans ta commune et engager un recours adapt\u00e9.<\/p>\n\n<script type=\"application\/ld+json\">\n{\"@context\":\"https:\/\/schema.org\",\"@type\":\"FAQPage\",\"mainEntity\":[{\"@type\":\"Question\",\"name\":\"Qui peut saisir la commission de mu00e9diation ?\",\"acceptedAnswer\":{\"@type\":\"Answer\",\"text\":\"Toute personne ayant sollicitu00e9 un logement social et ne pouvant accu00e9der u00e0 un logement du00e9cent par ses propres moyens peut du00e9poser un dossier DALO.\"}},{\"@type\":\"Question\",\"name\":\"Quels du00e9lais apru00e8s reconnaissance prioritaire ?\",\"acceptedAnswer\":{\"@type\":\"Answer\",\"text\":\"Les pru00e9fectures disposent de 3 mois, 6 mois dans certaines zones; en cas de non-proposition, recours possible devant le tribunal administratif.\"}},{\"@type\":\"Question\",\"name\":\"Dois-je prendre un avocat pour lu2019injonction ?\",\"acceptedAnswer\":{\"@type\":\"Answer\",\"text\":\"Lu2019avocat est fortement conseillu00e9 pour lu2019injonction; lu2019assistance du2019une association ou des services sociaux peut aussi aider.\"}}]}\n<\/script>\n<h3>Qui peut saisir la commission de m\u00e9diation ?<\/h3>\n<p>Toute personne ayant sollicit\u00e9 un logement social et ne pouvant acc\u00e9der \u00e0 un logement d\u00e9cent par ses propres moyens peut d\u00e9poser un dossier DALO.<\/p>\n<h3>Quels d\u00e9lais apr\u00e8s reconnaissance prioritaire ?<\/h3>\n<p>Les pr\u00e9fectures disposent de 3 mois, 6 mois dans certaines zones; en cas de non-proposition, recours possible devant le tribunal administratif.<\/p>\n<h3>Dois-je prendre un avocat pour l\u2019injonction ?<\/h3>\n<p>L\u2019avocat est fortement conseill\u00e9 pour l\u2019injonction; l\u2019assistance d\u2019une association ou des services sociaux peut aussi aider.<\/p>\n\n","protected":false},"excerpt":{"rendered":"<p>En bref : Tu te sens coinc\u00e9 par une expulsion, un logement insalubre ou une attente interminable pour un logement social ? Voici ce que ta mairie ne te dira pas forc\u00e9ment, mais que tu dois conna\u00eetre pour faire valoir ton droit au logement. Qu\u2019est-ce que le DALO et qui peut en b\u00e9n\u00e9ficier La loi &#8230; <a title=\"Le droit au logement que votre mairie ne vous dit pas\" class=\"read-more\" href=\"https:\/\/mairies-online.com\/blog\/droit-logement-mairie\/\" aria-label=\"En savoir plus sur Le droit au logement que votre mairie ne vous dit pas\">Lire la suite<\/a><\/p>\n","protected":false},"author":6,"featured_media":8742,"comment_status":"","ping_status":"","sticky":false,"template":"","format":"standard","meta":{"footnotes":""},"categories":[1],"tags":[24121,24119,24062,24120,22861],"class_list":["post-8743","post","type-post","status-publish","format-standard","has-post-thumbnail","hentry","category-actualites","tag-acces-au-logement","tag-droit-au-logement","tag-droits-des-citoyens","tag-logement-social","tag-mairie"],"yoast_head":"<!-- This site is optimized with the Yoast SEO plugin v27.5 - https:\/\/yoast.com\/product\/yoast-seo-wordpress\/ -->\n<title>Le droit au logement que votre mairie ne vous dit pas -<\/title>\n<meta name=\"description\" content=\"D\u00e9couvrez le droit au logement que votre mairie ne vous r\u00e9v\u00e8le pas et comment en b\u00e9n\u00e9ficier facilement. Informez-vous d\u00e8s maintenant\u202f!\" \/>\n<meta name=\"robots\" content=\"index, follow, max-snippet:-1, max-image-preview:large, max-video-preview:-1\" \/>\n<link rel=\"canonical\" href=\"https:\/\/mairies-online.com\/blog\/droit-logement-mairie\/\" \/>\n<meta property=\"og:locale\" content=\"fr_FR\" \/>\n<meta property=\"og:type\" content=\"article\" \/>\n<meta property=\"og:title\" content=\"Le droit au logement que votre mairie ne vous dit pas -\" \/>\n<meta property=\"og:description\" content=\"D\u00e9couvrez le droit au logement que votre mairie ne vous r\u00e9v\u00e8le pas et comment en b\u00e9n\u00e9ficier facilement. Informez-vous d\u00e8s maintenant\u202f!\" \/>\n<meta property=\"og:url\" content=\"https:\/\/mairies-online.com\/blog\/droit-logement-mairie\/\" \/>\n<meta property=\"article:published_time\" content=\"2026-04-02T21:03:07+00:00\" \/>\n<meta property=\"og:image\" content=\"https:\/\/mairies-online.com\/blog\/wp-content\/uploads\/2026\/04\/Le-droit-au-logement-que-votre-mairie-ne-vous-dit-pas.jpg\" \/>\n\t<meta property=\"og:image:width\" content=\"1920\" \/>\n\t<meta property=\"og:image:height\" content=\"1072\" \/>\n\t<meta property=\"og:image:type\" content=\"image\/jpeg\" \/>\n<meta name=\"author\" content=\"Adam Fontaine\" \/>\n<meta name=\"twitter:card\" content=\"summary_large_image\" \/>\n<meta name=\"twitter:label1\" content=\"\u00c9crit par\" \/>\n\t<meta name=\"twitter:data1\" content=\"Adam Fontaine\" \/>\n\t<meta name=\"twitter:label2\" content=\"Dur\u00e9e de lecture estim\u00e9e\" \/>\n\t<meta name=\"twitter:data2\" content=\"3 minutes\" \/>\n<script type=\"application\/ld+json\" class=\"yoast-schema-graph\">{\"@context\":\"https:\\\/\\\/schema.org\",\"@graph\":[{\"@type\":\"Article\",\"@id\":\"https:\\\/\\\/mairies-online.com\\\/blog\\\/droit-logement-mairie\\\/#article\",\"isPartOf\":{\"@id\":\"https:\\\/\\\/mairies-online.com\\\/blog\\\/droit-logement-mairie\\\/\"},\"author\":{\"name\":\"Adam Fontaine\",\"@id\":\"https:\\\/\\\/mairies-online.com\\\/blog\\\/#\\\/schema\\\/person\\\/097040a69656d16bed374eff911b37d7\",\"@type\":\"Person\"},\"headline\":\"Le droit au logement que votre mairie ne vous dit pas\",\"datePublished\":\"2026-04-02T21:03:07+00:00\",\"mainEntityOfPage\":{\"@id\":\"https:\\\/\\\/mairies-online.com\\\/blog\\\/droit-logement-mairie\\\/\"},\"wordCount\":518,\"image\":{\"@id\":\"https:\\\/\\\/mairies-online.com\\\/blog\\\/droit-logement-mairie\\\/#primaryimage\"},\"thumbnailUrl\":\"https:\\\/\\\/mairies-online.com\\\/blog\\\/wp-content\\\/uploads\\\/2026\\\/04\\\/Le-droit-au-logement-que-votre-mairie-ne-vous-dit-pas.jpg\",\"keywords\":[\"acc\u00e8s au logement\",\"droit au logement\",\"droits des citoyens\",\"logement social\",\"mairie\"],\"articleSection\":[\"Actualit\u00e9s\"],\"inLanguage\":\"fr-FR\",\"isAccessibleForFree\":true,\"dateModified\":\"2026-04-02T21:03:07+00:00\"},{\"@type\":\"WebPage\",\"@id\":\"https:\\\/\\\/mairies-online.com\\\/blog\\\/droit-logement-mairie\\\/\",\"url\":\"https:\\\/\\\/mairies-online.com\\\/blog\\\/droit-logement-mairie\\\/\",\"name\":\"Le droit au logement que votre mairie ne vous dit pas -\",\"isPartOf\":{\"@id\":\"https:\\\/\\\/mairies-online.com\\\/blog\\\/#website\"},\"primaryImageOfPage\":{\"@id\":\"https:\\\/\\\/mairies-online.com\\\/blog\\\/droit-logement-mairie\\\/#primaryimage\"},\"image\":{\"@id\":\"https:\\\/\\\/mairies-online.com\\\/blog\\\/droit-logement-mairie\\\/#primaryimage\"},\"thumbnailUrl\":\"https:\\\/\\\/mairies-online.com\\\/blog\\\/wp-content\\\/uploads\\\/2026\\\/04\\\/Le-droit-au-logement-que-votre-mairie-ne-vous-dit-pas.jpg\",\"datePublished\":\"2026-04-02T21:03:07+00:00\",\"author\":{\"@id\":\"https:\\\/\\\/mairies-online.com\\\/blog\\\/#\\\/schema\\\/person\\\/097040a69656d16bed374eff911b37d7\"},\"description\":\"D\u00e9couvrez le droit au logement que votre mairie ne vous r\u00e9v\u00e8le pas et comment en b\u00e9n\u00e9ficier facilement. Informez-vous d\u00e8s maintenant\u202f!\",\"breadcrumb\":{\"@id\":\"https:\\\/\\\/mairies-online.com\\\/blog\\\/droit-logement-mairie\\\/#breadcrumb\"},\"inLanguage\":\"fr-FR\",\"potentialAction\":[{\"@type\":\"ReadAction\",\"target\":[\"https:\\\/\\\/mairies-online.com\\\/blog\\\/droit-logement-mairie\\\/\"]}]},{\"@type\":\"ImageObject\",\"inLanguage\":\"fr-FR\",\"@id\":\"https:\\\/\\\/mairies-online.com\\\/blog\\\/droit-logement-mairie\\\/#primaryimage\",\"url\":\"https:\\\/\\\/mairies-online.com\\\/blog\\\/wp-content\\\/uploads\\\/2026\\\/04\\\/Le-droit-au-logement-que-votre-mairie-ne-vous-dit-pas.jpg\",\"contentUrl\":\"https:\\\/\\\/mairies-online.com\\\/blog\\\/wp-content\\\/uploads\\\/2026\\\/04\\\/Le-droit-au-logement-que-votre-mairie-ne-vous-dit-pas.jpg\",\"width\":1920,\"height\":1072,\"caption\":\"d\u00e9couvrez les v\u00e9rit\u00e9s m\u00e9connues sur le droit au logement que votre mairie ne vous r\u00e9v\u00e8le pas. informez-vous pour mieux d\u00e9fendre vos droits.\"},{\"@type\":\"BreadcrumbList\",\"@id\":\"https:\\\/\\\/mairies-online.com\\\/blog\\\/droit-logement-mairie\\\/#breadcrumb\",\"itemListElement\":[{\"@type\":\"ListItem\",\"position\":1,\"name\":\"Home\",\"item\":\"https:\\\/\\\/mairies-online.com\\\/blog\\\/\"},{\"@type\":\"ListItem\",\"position\":2,\"name\":\"Le droit au logement que votre mairie ne vous dit pas\"}]},{\"@type\":\"WebSite\",\"@id\":\"https:\\\/\\\/mairies-online.com\\\/blog\\\/#website\",\"url\":\"https:\\\/\\\/mairies-online.com\\\/blog\\\/\",\"name\":\"\",\"description\":\"\",\"potentialAction\":[{\"@type\":\"SearchAction\",\"target\":{\"@type\":\"EntryPoint\",\"urlTemplate\":\"https:\\\/\\\/mairies-online.com\\\/blog\\\/?s={search_term_string}\"},\"query-input\":{\"@type\":\"PropertyValueSpecification\",\"valueRequired\":true,\"valueName\":\"search_term_string\"}}],\"inLanguage\":\"fr-FR\"},{\"@type\":\"Person\",\"@id\":\"https:\\\/\\\/mairies-online.com\\\/blog\\\/#\\\/schema\\\/person\\\/097040a69656d16bed374eff911b37d7\",\"name\":\"Adam Fontaine\",\"image\":{\"@type\":\"ImageObject\",\"inLanguage\":\"fr-FR\",\"@id\":\"https:\\\/\\\/mairies-online.com\\\/blog\\\/wp-content\\\/uploads\\\/2026\\\/03\\\/user-avatar-96x96.jpg\",\"url\":\"https:\\\/\\\/mairies-online.com\\\/blog\\\/wp-content\\\/uploads\\\/2026\\\/03\\\/user-avatar-96x96.jpg\",\"contentUrl\":\"https:\\\/\\\/mairies-online.com\\\/blog\\\/wp-content\\\/uploads\\\/2026\\\/03\\\/user-avatar-96x96.jpg\",\"caption\":\"Adam Fontaine\"},\"description\":\"Journaliste sp\u00e9cialis\u00e9 en collectivit\u00e9s territoriales et politiques publiques locales depuis plus de 15 ans. Ancien attach\u00e9 territorial, Adam Fontaine couvre l'actualit\u00e9 des mairies, intercommunalit\u00e9s et services publics de proximit\u00e9. Expert en finances locales, urbanisme et action sociale communale, il d\u00e9crypte les dispositifs d'aide, les r\u00e9formes institutionnelles et les enjeux du quotidien des administr\u00e9s. Ses analyses s'appuient sur une connaissance approfondie du terrain et des sources officielles (DGCL, AMF, Cour des comptes). Contributeur r\u00e9gulier de Mairies Online depuis 2019.\",\"url\":\"https:\\\/\\\/mairies-online.com\\\/blog\\\/author\\\/adam-fontaine-48\\\/\"}]}<\/script>\n<!-- \/ Yoast SEO plugin. -->","yoast_head_json":{"title":"Le droit au logement que votre mairie ne vous dit pas -","description":"D\u00e9couvrez le droit au logement que votre mairie ne vous r\u00e9v\u00e8le pas et comment en b\u00e9n\u00e9ficier facilement. Informez-vous d\u00e8s maintenant\u202f!","robots":{"index":"index","follow":"follow","max-snippet":"max-snippet:-1","max-image-preview":"max-image-preview:large","max-video-preview":"max-video-preview:-1"},"canonical":"https:\/\/mairies-online.com\/blog\/droit-logement-mairie\/","og_locale":"fr_FR","og_type":"article","og_title":"Le droit au logement que votre mairie ne vous dit pas -","og_description":"D\u00e9couvrez le droit au logement que votre mairie ne vous r\u00e9v\u00e8le pas et comment en b\u00e9n\u00e9ficier facilement. Informez-vous d\u00e8s maintenant\u202f!","og_url":"https:\/\/mairies-online.com\/blog\/droit-logement-mairie\/","article_published_time":"2026-04-02T21:03:07+00:00","og_image":[{"width":1920,"height":1072,"url":"https:\/\/mairies-online.com\/blog\/wp-content\/uploads\/2026\/04\/Le-droit-au-logement-que-votre-mairie-ne-vous-dit-pas.jpg","type":"image\/jpeg"}],"author":"Adam Fontaine","twitter_card":"summary_large_image","twitter_misc":{"\u00c9crit par":"Adam Fontaine","Dur\u00e9e de lecture estim\u00e9e":"3 minutes"},"schema":{"@context":"https:\/\/schema.org","@graph":[{"@type":"Article","@id":"https:\/\/mairies-online.com\/blog\/droit-logement-mairie\/#article","isPartOf":{"@id":"https:\/\/mairies-online.com\/blog\/droit-logement-mairie\/"},"author":{"name":"Adam Fontaine","@id":"https:\/\/mairies-online.com\/blog\/#\/schema\/person\/097040a69656d16bed374eff911b37d7","@type":"Person"},"headline":"Le droit au logement que votre mairie ne vous dit pas","datePublished":"2026-04-02T21:03:07+00:00","mainEntityOfPage":{"@id":"https:\/\/mairies-online.com\/blog\/droit-logement-mairie\/"},"wordCount":518,"image":{"@id":"https:\/\/mairies-online.com\/blog\/droit-logement-mairie\/#primaryimage"},"thumbnailUrl":"https:\/\/mairies-online.com\/blog\/wp-content\/uploads\/2026\/04\/Le-droit-au-logement-que-votre-mairie-ne-vous-dit-pas.jpg","keywords":["acc\u00e8s au logement","droit au logement","droits des citoyens","logement social","mairie"],"articleSection":["Actualit\u00e9s"],"inLanguage":"fr-FR","isAccessibleForFree":true,"dateModified":"2026-04-02T21:03:07+00:00"},{"@type":"WebPage","@id":"https:\/\/mairies-online.com\/blog\/droit-logement-mairie\/","url":"https:\/\/mairies-online.com\/blog\/droit-logement-mairie\/","name":"Le droit au logement que votre mairie ne vous dit pas -","isPartOf":{"@id":"https:\/\/mairies-online.com\/blog\/#website"},"primaryImageOfPage":{"@id":"https:\/\/mairies-online.com\/blog\/droit-logement-mairie\/#primaryimage"},"image":{"@id":"https:\/\/mairies-online.com\/blog\/droit-logement-mairie\/#primaryimage"},"thumbnailUrl":"https:\/\/mairies-online.com\/blog\/wp-content\/uploads\/2026\/04\/Le-droit-au-logement-que-votre-mairie-ne-vous-dit-pas.jpg","datePublished":"2026-04-02T21:03:07+00:00","author":{"@id":"https:\/\/mairies-online.com\/blog\/#\/schema\/person\/097040a69656d16bed374eff911b37d7"},"description":"D\u00e9couvrez le droit au logement que votre mairie ne vous r\u00e9v\u00e8le pas et comment en b\u00e9n\u00e9ficier facilement. Informez-vous d\u00e8s maintenant\u202f!","breadcrumb":{"@id":"https:\/\/mairies-online.com\/blog\/droit-logement-mairie\/#breadcrumb"},"inLanguage":"fr-FR","potentialAction":[{"@type":"ReadAction","target":["https:\/\/mairies-online.com\/blog\/droit-logement-mairie\/"]}]},{"@type":"ImageObject","inLanguage":"fr-FR","@id":"https:\/\/mairies-online.com\/blog\/droit-logement-mairie\/#primaryimage","url":"https:\/\/mairies-online.com\/blog\/wp-content\/uploads\/2026\/04\/Le-droit-au-logement-que-votre-mairie-ne-vous-dit-pas.jpg","contentUrl":"https:\/\/mairies-online.com\/blog\/wp-content\/uploads\/2026\/04\/Le-droit-au-logement-que-votre-mairie-ne-vous-dit-pas.jpg","width":1920,"height":1072,"caption":"d\u00e9couvrez les v\u00e9rit\u00e9s m\u00e9connues sur le droit au logement que votre mairie ne vous r\u00e9v\u00e8le pas. informez-vous pour mieux d\u00e9fendre vos droits."},{"@type":"BreadcrumbList","@id":"https:\/\/mairies-online.com\/blog\/droit-logement-mairie\/#breadcrumb","itemListElement":[{"@type":"ListItem","position":1,"name":"Home","item":"https:\/\/mairies-online.com\/blog\/"},{"@type":"ListItem","position":2,"name":"Le droit au logement que votre mairie ne vous dit pas"}]},{"@type":"WebSite","@id":"https:\/\/mairies-online.com\/blog\/#website","url":"https:\/\/mairies-online.com\/blog\/","name":"","description":"","potentialAction":[{"@type":"SearchAction","target":{"@type":"EntryPoint","urlTemplate":"https:\/\/mairies-online.com\/blog\/?s={search_term_string}"},"query-input":{"@type":"PropertyValueSpecification","valueRequired":true,"valueName":"search_term_string"}}],"inLanguage":"fr-FR"},{"@type":"Person","@id":"https:\/\/mairies-online.com\/blog\/#\/schema\/person\/097040a69656d16bed374eff911b37d7","name":"Adam Fontaine","image":{"@type":"ImageObject","inLanguage":"fr-FR","@id":"https:\/\/mairies-online.com\/blog\/wp-content\/uploads\/2026\/03\/user-avatar-96x96.jpg","url":"https:\/\/mairies-online.com\/blog\/wp-content\/uploads\/2026\/03\/user-avatar-96x96.jpg","contentUrl":"https:\/\/mairies-online.com\/blog\/wp-content\/uploads\/2026\/03\/user-avatar-96x96.jpg","caption":"Adam Fontaine"},"description":"Journaliste sp\u00e9cialis\u00e9 en collectivit\u00e9s territoriales et politiques publiques locales depuis plus de 15 ans. Ancien attach\u00e9 territorial, Adam Fontaine couvre l'actualit\u00e9 des mairies, intercommunalit\u00e9s et services publics de proximit\u00e9. Expert en finances locales, urbanisme et action sociale communale, il d\u00e9crypte les dispositifs d'aide, les r\u00e9formes institutionnelles et les enjeux du quotidien des administr\u00e9s. Ses analyses s'appuient sur une connaissance approfondie du terrain et des sources officielles (DGCL, AMF, Cour des comptes). Contributeur r\u00e9gulier de Mairies Online depuis 2019.","url":"https:\/\/mairies-online.com\/blog\/author\/adam-fontaine-48\/"}]}},"views":174,"_links":{"self":[{"href":"https:\/\/mairies-online.com\/blog\/wp-json\/wp\/v2\/posts\/8743","targetHints":{"allow":["GET"]}}],"collection":[{"href":"https:\/\/mairies-online.com\/blog\/wp-json\/wp\/v2\/posts"}],"about":[{"href":"https:\/\/mairies-online.com\/blog\/wp-json\/wp\/v2\/types\/post"}],"author":[{"embeddable":true,"href":"https:\/\/mairies-online.com\/blog\/wp-json\/wp\/v2\/users\/6"}],"replies":[{"embeddable":true,"href":"https:\/\/mairies-online.com\/blog\/wp-json\/wp\/v2\/comments?post=8743"}],"version-history":[{"count":0,"href":"https:\/\/mairies-online.com\/blog\/wp-json\/wp\/v2\/posts\/8743\/revisions"}],"wp:featuredmedia":[{"embeddable":true,"href":"https:\/\/mairies-online.com\/blog\/wp-json\/wp\/v2\/media\/8742"}],"wp:attachment":[{"href":"https:\/\/mairies-online.com\/blog\/wp-json\/wp\/v2\/media?parent=8743"}],"wp:term":[{"taxonomy":"category","embeddable":true,"href":"https:\/\/mairies-online.com\/blog\/wp-json\/wp\/v2\/categories?post=8743"},{"taxonomy":"post_tag","embeddable":true,"href":"https:\/\/mairies-online.com\/blog\/wp-json\/wp\/v2\/tags?post=8743"}],"curies":[{"name":"wp","href":"https:\/\/api.w.org\/{rel}","templated":true}]}}