{"id":8741,"date":"2026-04-02T13:49:37","date_gmt":"2026-04-02T13:49:37","guid":{"rendered":"https:\/\/mairies-online.com\/blog\/communes-loyers-baisse\/"},"modified":"2026-04-02T13:49:37","modified_gmt":"2026-04-02T13:49:37","slug":"communes-loyers-baisse","status":"publish","type":"post","link":"https:\/\/mairies-online.com\/blog\/communes-loyers-baisse\/","title":{"rendered":"Ces communes o\u00f9 les loyers baissent vraiment cette ann\u00e9e"},"content":{"rendered":"<p>Cette ann\u00e9e, certaines communes voient r\u00e9ellement leurs <strong>loyers baisser<\/strong> : Vaulx-en-Velin affiche une chute record de -41%, Grasse suit \u00e0 -22% et Sevran recule de -15%. \u00c0 l&rsquo;oppos\u00e9, Saint-\u00c9tienne reste la moins ch\u00e8re avec 12 \u20ac\/m\u00b2, preuve que le <strong>march\u00e9 locatif<\/strong> n&rsquo;est pas uniforme.<\/p>\n\n<ul class=\"wp-block-list\"><li><strong>En bref<\/strong> : Vaulx-en-Velin, Grasse, Sevran montrent des baisses marqu\u00e9es.<\/li><li>Offre de logements r\u00e9duite nationalement (-34% sur 3 ans), mais localement la situation diverge.<\/li><li>Les petites surfaces dominent (58% des annonces en zone urbaine).<\/li><li>Consulte les observatoires locaux pour v\u00e9rifier ta commune.<\/li><li>Des opportunit\u00e9s existent pour les locataires et les investisseurs attentifs.<\/li><\/ul>\n\n<h2 class=\"wp-block-heading\">Quelles communes voient vraiment les loyers baisser ?<\/h2>\n\n<p>Tu veux des noms concrets : <strong>Vaulx-en-Velin -41%<\/strong>, <strong>Grasse -22%<\/strong>, <strong>Sevran -15%<\/strong> \u2014 ces chiffres proviennent des analyses r\u00e9centes qui suivent les loyers d&rsquo;annonce. D&rsquo;autres villes de la couronne peuvent aussi afficher des baisses ponctuelles selon l&rsquo;offre locale et la vacance. Pour v\u00e9rifier commune par commune, la <a href=\"https:\/\/data.gouv.fr\/datasets\/carte-des-loyers-indicateurs-de-loyers-dannonce-par-commune-en-2025\" rel=\"nofollow\">carte des loyers<\/a> reste l&rsquo;outil de r\u00e9f\u00e9rence.<\/p>\n\n<h2 class=\"wp-block-heading\">Pourquoi ces baisses touchent certaines communes seulement ?<\/h2>\n\n<p>Plusieurs m\u00e9canismes locaux expliquent la <strong>baisse<\/strong> : d\u00e9part d&rsquo;entreprises, r\u00e9novation qui r\u00e9duit l&rsquo;offre temporairement, ou profil d\u00e9mographique qui change. Dans certaines zones, l&rsquo;offre de petites surfaces \u00e9tant surabondante, les loyers reculent. \u00c0 l&rsquo;\u00e9chelle nationale, la p\u00e9nurie pousse les prix mais localement la demande peut s&rsquo;effriter, d&rsquo;o\u00f9 ces contrastes surprenants.<\/p>\n\n<h2 class=\"wp-block-heading\">Comment profiter ou se prot\u00e9ger de ces baisses sur le logement ?<\/h2>\n\n<p>Que tu sois locataire ou investisseur, actionne ces leviers : v\u00e9rifie l&rsquo;historique des prix via les observatoires, n\u00e9gocie un bail si l&rsquo;offre grimpe localement, ou attends un retournement pour acheter. Voici une check-list rapide :<\/p>\n\n<ol class=\"wp-block-list\"><li>Consulter l&rsquo;<a href=\"https:\/\/www.observatoires-des-loyers.org\/\" rel=\"nofollow\">observatoire local<\/a>.<\/li><li>Comparer les loyers m\u00e9dians sur 12 mois.<\/li><li>Visiter plusieurs quartiers pour \u00e9valuer la demande r\u00e9elle.<\/li><\/ol>\n\n<figure class=\"wp-block-table\"><table>\n<thead>\n<tr>\n<th>Commune<\/th>\n<th>Variation annuelle<\/th>\n<th>Loyer m\u00e9dian<\/th>\n<\/tr>\n<\/thead>\n<tbody>\n<tr>\n<td>Vaulx-en-Velin<\/td>\n<td>-41%<\/td>\n<td>\u2014<\/td>\n<\/tr>\n<tr>\n<td>Grasse<\/td>\n<td>-22%<\/td>\n<td>\u2014<\/td>\n<\/tr>\n<tr>\n<td>Sevran<\/td>\n<td>-15%<\/td>\n<td>\u2014<\/td>\n<\/tr>\n<tr>\n<td>Saint-\u00c9tienne<\/td>\n<td>&#8211;<\/td>\n<td>12 \u20ac\/m\u00b2<\/td>\n<\/tr>\n<\/tbody>\n<\/table><\/figure>\n\n<p>Tu veux savoir si les loyers baissent dans ta commune ? Consulte rapidement les donn\u00e9es locales et contacte ta mairie. Pour retrouver les indicateurs et les contacts municipaux, rends-toi sur <a href=\"https:\/\/mairies-online.com\" rel=\"nofollow\">mairies-online.com<\/a> : tu y trouves les infos pratiques et les observatoires pour ton territoire.<\/p>\n\n<script type=\"application\/ld+json\">\n{\"@context\":\"https:\/\/schema.org\",\"@type\":\"FAQPage\",\"mainEntity\":[{\"@type\":\"Question\",\"name\":\"Pourquoi certains loyers reculent fortement ?\",\"acceptedAnswer\":{\"@type\":\"Answer\",\"text\":\"Des causes locales (du00e9part d'activitu00e9s, vacance, ru00e9novation) peuvent ru00e9duire la demande ou augmenter l'offre, entrau00eenant une baisse des prix dans certaines communes.\"}},{\"@type\":\"Question\",\"name\":\"Ou00f9 vu00e9rifier les chiffres officiels ?\",\"acceptedAnswer\":{\"@type\":\"Answer\",\"text\":\"La carte des loyers et les observatoires locaux compilent les loyers d'annonce par commune et permettent une comparaison fiable (voir data.gouv et observatoires locaux).\"}},{\"@type\":\"Question\",\"name\":\"Les baisses sont-elles durables ?\",\"acceptedAnswer\":{\"@type\":\"Answer\",\"text\":\"Pas toujours : certaines baisses sont conjoncturelles. Analyse l'u00e9volution sur plusieurs trimestres avant de du00e9cider.\"}}]}\n<\/script>\n<h3>Pourquoi certains loyers reculent fortement ?<\/h3>\n<p>Des causes locales (d\u00e9part d&rsquo;activit\u00e9s, vacance, r\u00e9novation) peuvent r\u00e9duire la demande ou augmenter l&rsquo;offre, entra\u00eenant une baisse des prix dans certaines communes.<\/p>\n<h3>O\u00f9 v\u00e9rifier les chiffres officiels ?<\/h3>\n<p>La carte des loyers et les observatoires locaux compilent les loyers d&rsquo;annonce par commune et permettent une comparaison fiable (voir data.gouv et observatoires locaux).<\/p>\n<h3>Les baisses sont-elles durables ?<\/h3>\n<p>Pas toujours : certaines baisses sont conjoncturelles. Analyse l&rsquo;\u00e9volution sur plusieurs trimestres avant de d\u00e9cider.<\/p>\n\n","protected":false},"excerpt":{"rendered":"<p>Cette ann\u00e9e, certaines communes voient r\u00e9ellement leurs loyers baisser : Vaulx-en-Velin affiche une chute record de -41%, Grasse suit \u00e0 -22% et Sevran recule de -15%. \u00c0 l&rsquo;oppos\u00e9, Saint-\u00c9tienne reste la moins ch\u00e8re avec 12 \u20ac\/m\u00b2, preuve que le march\u00e9 locatif n&rsquo;est pas uniforme. Quelles communes voient vraiment les loyers baisser ? Tu veux des &#8230; <a title=\"Ces communes o\u00f9 les loyers baissent vraiment cette ann\u00e9e\" class=\"read-more\" href=\"https:\/\/mairies-online.com\/blog\/communes-loyers-baisse\/\" aria-label=\"En savoir plus sur Ces communes o\u00f9 les loyers baissent vraiment cette ann\u00e9e\">Lire la suite<\/a><\/p>\n","protected":false},"author":6,"featured_media":8740,"comment_status":"","ping_status":"","sticky":false,"template":"","format":"standard","meta":{"footnotes":""},"categories":[1],"tags":[24117,24078,22581,24116,24118],"class_list":["post-8741","post","type-post","status-publish","format-standard","has-post-thumbnail","hentry","category-actualites","tag-baisse-des-loyers","tag-communes","tag-immobilier","tag-loyers","tag-marche-locatif"],"yoast_head":"<!-- This site is optimized with the Yoast SEO plugin v27.5 - https:\/\/yoast.com\/product\/yoast-seo-wordpress\/ -->\n<title>Ces communes o\u00f9 les loyers baissent vraiment cette ann\u00e9e -<\/title>\n<meta name=\"description\" content=\"D\u00e9couvrez les communes o\u00f9 les loyers diminuent cette ann\u00e9e et profitez d&#039;opportunit\u00e9s pour un logement abordable et \u00e9conomique.\" \/>\n<meta name=\"robots\" content=\"index, follow, max-snippet:-1, max-image-preview:large, max-video-preview:-1\" \/>\n<link rel=\"canonical\" href=\"https:\/\/mairies-online.com\/blog\/communes-loyers-baisse\/\" \/>\n<meta property=\"og:locale\" content=\"fr_FR\" \/>\n<meta property=\"og:type\" content=\"article\" \/>\n<meta property=\"og:title\" content=\"Ces communes o\u00f9 les loyers baissent vraiment cette ann\u00e9e -\" \/>\n<meta property=\"og:description\" content=\"D\u00e9couvrez les communes o\u00f9 les loyers diminuent cette ann\u00e9e et profitez d&#039;opportunit\u00e9s pour un logement abordable et \u00e9conomique.\" \/>\n<meta property=\"og:url\" content=\"https:\/\/mairies-online.com\/blog\/communes-loyers-baisse\/\" \/>\n<meta property=\"article:published_time\" content=\"2026-04-02T13:49:37+00:00\" \/>\n<meta property=\"og:image\" content=\"https:\/\/mairies-online.com\/blog\/wp-content\/uploads\/2026\/04\/Ces-communes-ou-les-loyers-baissent-vraiment-cette-annee.jpg\" \/>\n\t<meta property=\"og:image:width\" content=\"1920\" \/>\n\t<meta property=\"og:image:height\" content=\"1072\" \/>\n\t<meta property=\"og:image:type\" content=\"image\/jpeg\" \/>\n<meta name=\"author\" content=\"Adam Fontaine\" \/>\n<meta name=\"twitter:card\" content=\"summary_large_image\" \/>\n<meta name=\"twitter:label1\" content=\"\u00c9crit par\" \/>\n\t<meta name=\"twitter:data1\" content=\"Adam Fontaine\" \/>\n\t<meta name=\"twitter:label2\" content=\"Dur\u00e9e de lecture estim\u00e9e\" \/>\n\t<meta name=\"twitter:data2\" content=\"2 minutes\" \/>\n<script type=\"application\/ld+json\" class=\"yoast-schema-graph\">{\"@context\":\"https:\\\/\\\/schema.org\",\"@graph\":[{\"@type\":\"Article\",\"@id\":\"https:\\\/\\\/mairies-online.com\\\/blog\\\/communes-loyers-baisse\\\/#article\",\"isPartOf\":{\"@id\":\"https:\\\/\\\/mairies-online.com\\\/blog\\\/communes-loyers-baisse\\\/\"},\"author\":{\"name\":\"Adam Fontaine\",\"@id\":\"https:\\\/\\\/mairies-online.com\\\/blog\\\/#\\\/schema\\\/person\\\/097040a69656d16bed374eff911b37d7\",\"@type\":\"Person\"},\"headline\":\"Ces communes o\u00f9 les loyers baissent vraiment cette ann\u00e9e\",\"datePublished\":\"2026-04-02T13:49:37+00:00\",\"mainEntityOfPage\":{\"@id\":\"https:\\\/\\\/mairies-online.com\\\/blog\\\/communes-loyers-baisse\\\/\"},\"wordCount\":440,\"image\":{\"@id\":\"https:\\\/\\\/mairies-online.com\\\/blog\\\/communes-loyers-baisse\\\/#primaryimage\"},\"thumbnailUrl\":\"https:\\\/\\\/mairies-online.com\\\/blog\\\/wp-content\\\/uploads\\\/2026\\\/04\\\/Ces-communes-ou-les-loyers-baissent-vraiment-cette-annee.jpg\",\"keywords\":[\"baisse des loyers\",\"communes\",\"immobilier\",\"loyers\",\"march\u00e9 locatif\"],\"articleSection\":[\"Actualit\u00e9s\"],\"inLanguage\":\"fr-FR\",\"isAccessibleForFree\":true,\"dateModified\":\"2026-04-02T13:49:37+00:00\"},{\"@type\":\"WebPage\",\"@id\":\"https:\\\/\\\/mairies-online.com\\\/blog\\\/communes-loyers-baisse\\\/\",\"url\":\"https:\\\/\\\/mairies-online.com\\\/blog\\\/communes-loyers-baisse\\\/\",\"name\":\"Ces communes o\u00f9 les loyers baissent vraiment cette ann\u00e9e -\",\"isPartOf\":{\"@id\":\"https:\\\/\\\/mairies-online.com\\\/blog\\\/#website\"},\"primaryImageOfPage\":{\"@id\":\"https:\\\/\\\/mairies-online.com\\\/blog\\\/communes-loyers-baisse\\\/#primaryimage\"},\"image\":{\"@id\":\"https:\\\/\\\/mairies-online.com\\\/blog\\\/communes-loyers-baisse\\\/#primaryimage\"},\"thumbnailUrl\":\"https:\\\/\\\/mairies-online.com\\\/blog\\\/wp-content\\\/uploads\\\/2026\\\/04\\\/Ces-communes-ou-les-loyers-baissent-vraiment-cette-annee.jpg\",\"datePublished\":\"2026-04-02T13:49:37+00:00\",\"author\":{\"@id\":\"https:\\\/\\\/mairies-online.com\\\/blog\\\/#\\\/schema\\\/person\\\/097040a69656d16bed374eff911b37d7\"},\"description\":\"D\u00e9couvrez les communes o\u00f9 les loyers diminuent cette ann\u00e9e et profitez d'opportunit\u00e9s pour un logement abordable et \u00e9conomique.\",\"breadcrumb\":{\"@id\":\"https:\\\/\\\/mairies-online.com\\\/blog\\\/communes-loyers-baisse\\\/#breadcrumb\"},\"inLanguage\":\"fr-FR\",\"potentialAction\":[{\"@type\":\"ReadAction\",\"target\":[\"https:\\\/\\\/mairies-online.com\\\/blog\\\/communes-loyers-baisse\\\/\"]}]},{\"@type\":\"ImageObject\",\"inLanguage\":\"fr-FR\",\"@id\":\"https:\\\/\\\/mairies-online.com\\\/blog\\\/communes-loyers-baisse\\\/#primaryimage\",\"url\":\"https:\\\/\\\/mairies-online.com\\\/blog\\\/wp-content\\\/uploads\\\/2026\\\/04\\\/Ces-communes-ou-les-loyers-baissent-vraiment-cette-annee.jpg\",\"contentUrl\":\"https:\\\/\\\/mairies-online.com\\\/blog\\\/wp-content\\\/uploads\\\/2026\\\/04\\\/Ces-communes-ou-les-loyers-baissent-vraiment-cette-annee.jpg\",\"width\":1920,\"height\":1072,\"caption\":\"d\u00e9couvrez les communes o\u00f9 les loyers diminuent r\u00e9ellement cette ann\u00e9e et profitez des meilleures opportunit\u00e9s pour votre logement.\"},{\"@type\":\"BreadcrumbList\",\"@id\":\"https:\\\/\\\/mairies-online.com\\\/blog\\\/communes-loyers-baisse\\\/#breadcrumb\",\"itemListElement\":[{\"@type\":\"ListItem\",\"position\":1,\"name\":\"Home\",\"item\":\"https:\\\/\\\/mairies-online.com\\\/blog\\\/\"},{\"@type\":\"ListItem\",\"position\":2,\"name\":\"Ces communes o\u00f9 les loyers baissent vraiment cette ann\u00e9e\"}]},{\"@type\":\"WebSite\",\"@id\":\"https:\\\/\\\/mairies-online.com\\\/blog\\\/#website\",\"url\":\"https:\\\/\\\/mairies-online.com\\\/blog\\\/\",\"name\":\"\",\"description\":\"\",\"potentialAction\":[{\"@type\":\"SearchAction\",\"target\":{\"@type\":\"EntryPoint\",\"urlTemplate\":\"https:\\\/\\\/mairies-online.com\\\/blog\\\/?s={search_term_string}\"},\"query-input\":{\"@type\":\"PropertyValueSpecification\",\"valueRequired\":true,\"valueName\":\"search_term_string\"}}],\"inLanguage\":\"fr-FR\"},{\"@type\":\"Person\",\"@id\":\"https:\\\/\\\/mairies-online.com\\\/blog\\\/#\\\/schema\\\/person\\\/097040a69656d16bed374eff911b37d7\",\"name\":\"Adam Fontaine\",\"image\":{\"@type\":\"ImageObject\",\"inLanguage\":\"fr-FR\",\"@id\":\"https:\\\/\\\/mairies-online.com\\\/blog\\\/wp-content\\\/uploads\\\/2026\\\/03\\\/user-avatar-96x96.jpg\",\"url\":\"https:\\\/\\\/mairies-online.com\\\/blog\\\/wp-content\\\/uploads\\\/2026\\\/03\\\/user-avatar-96x96.jpg\",\"contentUrl\":\"https:\\\/\\\/mairies-online.com\\\/blog\\\/wp-content\\\/uploads\\\/2026\\\/03\\\/user-avatar-96x96.jpg\",\"caption\":\"Adam Fontaine\"},\"description\":\"Journaliste sp\u00e9cialis\u00e9 en collectivit\u00e9s territoriales et politiques publiques locales depuis plus de 15 ans. Ancien attach\u00e9 territorial, Adam Fontaine couvre l'actualit\u00e9 des mairies, intercommunalit\u00e9s et services publics de proximit\u00e9. Expert en finances locales, urbanisme et action sociale communale, il d\u00e9crypte les dispositifs d'aide, les r\u00e9formes institutionnelles et les enjeux du quotidien des administr\u00e9s. Ses analyses s'appuient sur une connaissance approfondie du terrain et des sources officielles (DGCL, AMF, Cour des comptes). Contributeur r\u00e9gulier de Mairies Online depuis 2019.\",\"url\":\"https:\\\/\\\/mairies-online.com\\\/blog\\\/author\\\/adam-fontaine-48\\\/\"}]}<\/script>\n<!-- \/ Yoast SEO plugin. -->","yoast_head_json":{"title":"Ces communes o\u00f9 les loyers baissent vraiment cette ann\u00e9e -","description":"D\u00e9couvrez les communes o\u00f9 les loyers diminuent cette ann\u00e9e et profitez d'opportunit\u00e9s pour un logement abordable et \u00e9conomique.","robots":{"index":"index","follow":"follow","max-snippet":"max-snippet:-1","max-image-preview":"max-image-preview:large","max-video-preview":"max-video-preview:-1"},"canonical":"https:\/\/mairies-online.com\/blog\/communes-loyers-baisse\/","og_locale":"fr_FR","og_type":"article","og_title":"Ces communes o\u00f9 les loyers baissent vraiment cette ann\u00e9e -","og_description":"D\u00e9couvrez les communes o\u00f9 les loyers diminuent cette ann\u00e9e et profitez d'opportunit\u00e9s pour un logement abordable et \u00e9conomique.","og_url":"https:\/\/mairies-online.com\/blog\/communes-loyers-baisse\/","article_published_time":"2026-04-02T13:49:37+00:00","og_image":[{"width":1920,"height":1072,"url":"https:\/\/mairies-online.com\/blog\/wp-content\/uploads\/2026\/04\/Ces-communes-ou-les-loyers-baissent-vraiment-cette-annee.jpg","type":"image\/jpeg"}],"author":"Adam Fontaine","twitter_card":"summary_large_image","twitter_misc":{"\u00c9crit par":"Adam Fontaine","Dur\u00e9e de lecture estim\u00e9e":"2 minutes"},"schema":{"@context":"https:\/\/schema.org","@graph":[{"@type":"Article","@id":"https:\/\/mairies-online.com\/blog\/communes-loyers-baisse\/#article","isPartOf":{"@id":"https:\/\/mairies-online.com\/blog\/communes-loyers-baisse\/"},"author":{"name":"Adam Fontaine","@id":"https:\/\/mairies-online.com\/blog\/#\/schema\/person\/097040a69656d16bed374eff911b37d7","@type":"Person"},"headline":"Ces communes o\u00f9 les loyers baissent vraiment cette ann\u00e9e","datePublished":"2026-04-02T13:49:37+00:00","mainEntityOfPage":{"@id":"https:\/\/mairies-online.com\/blog\/communes-loyers-baisse\/"},"wordCount":440,"image":{"@id":"https:\/\/mairies-online.com\/blog\/communes-loyers-baisse\/#primaryimage"},"thumbnailUrl":"https:\/\/mairies-online.com\/blog\/wp-content\/uploads\/2026\/04\/Ces-communes-ou-les-loyers-baissent-vraiment-cette-annee.jpg","keywords":["baisse des loyers","communes","immobilier","loyers","march\u00e9 locatif"],"articleSection":["Actualit\u00e9s"],"inLanguage":"fr-FR","isAccessibleForFree":true,"dateModified":"2026-04-02T13:49:37+00:00"},{"@type":"WebPage","@id":"https:\/\/mairies-online.com\/blog\/communes-loyers-baisse\/","url":"https:\/\/mairies-online.com\/blog\/communes-loyers-baisse\/","name":"Ces communes o\u00f9 les loyers baissent vraiment cette ann\u00e9e -","isPartOf":{"@id":"https:\/\/mairies-online.com\/blog\/#website"},"primaryImageOfPage":{"@id":"https:\/\/mairies-online.com\/blog\/communes-loyers-baisse\/#primaryimage"},"image":{"@id":"https:\/\/mairies-online.com\/blog\/communes-loyers-baisse\/#primaryimage"},"thumbnailUrl":"https:\/\/mairies-online.com\/blog\/wp-content\/uploads\/2026\/04\/Ces-communes-ou-les-loyers-baissent-vraiment-cette-annee.jpg","datePublished":"2026-04-02T13:49:37+00:00","author":{"@id":"https:\/\/mairies-online.com\/blog\/#\/schema\/person\/097040a69656d16bed374eff911b37d7"},"description":"D\u00e9couvrez les communes o\u00f9 les loyers diminuent cette ann\u00e9e et profitez d'opportunit\u00e9s pour un logement abordable et \u00e9conomique.","breadcrumb":{"@id":"https:\/\/mairies-online.com\/blog\/communes-loyers-baisse\/#breadcrumb"},"inLanguage":"fr-FR","potentialAction":[{"@type":"ReadAction","target":["https:\/\/mairies-online.com\/blog\/communes-loyers-baisse\/"]}]},{"@type":"ImageObject","inLanguage":"fr-FR","@id":"https:\/\/mairies-online.com\/blog\/communes-loyers-baisse\/#primaryimage","url":"https:\/\/mairies-online.com\/blog\/wp-content\/uploads\/2026\/04\/Ces-communes-ou-les-loyers-baissent-vraiment-cette-annee.jpg","contentUrl":"https:\/\/mairies-online.com\/blog\/wp-content\/uploads\/2026\/04\/Ces-communes-ou-les-loyers-baissent-vraiment-cette-annee.jpg","width":1920,"height":1072,"caption":"d\u00e9couvrez les communes o\u00f9 les loyers diminuent r\u00e9ellement cette ann\u00e9e et profitez des meilleures opportunit\u00e9s pour votre logement."},{"@type":"BreadcrumbList","@id":"https:\/\/mairies-online.com\/blog\/communes-loyers-baisse\/#breadcrumb","itemListElement":[{"@type":"ListItem","position":1,"name":"Home","item":"https:\/\/mairies-online.com\/blog\/"},{"@type":"ListItem","position":2,"name":"Ces communes o\u00f9 les loyers baissent vraiment cette ann\u00e9e"}]},{"@type":"WebSite","@id":"https:\/\/mairies-online.com\/blog\/#website","url":"https:\/\/mairies-online.com\/blog\/","name":"","description":"","potentialAction":[{"@type":"SearchAction","target":{"@type":"EntryPoint","urlTemplate":"https:\/\/mairies-online.com\/blog\/?s={search_term_string}"},"query-input":{"@type":"PropertyValueSpecification","valueRequired":true,"valueName":"search_term_string"}}],"inLanguage":"fr-FR"},{"@type":"Person","@id":"https:\/\/mairies-online.com\/blog\/#\/schema\/person\/097040a69656d16bed374eff911b37d7","name":"Adam Fontaine","image":{"@type":"ImageObject","inLanguage":"fr-FR","@id":"https:\/\/mairies-online.com\/blog\/wp-content\/uploads\/2026\/03\/user-avatar-96x96.jpg","url":"https:\/\/mairies-online.com\/blog\/wp-content\/uploads\/2026\/03\/user-avatar-96x96.jpg","contentUrl":"https:\/\/mairies-online.com\/blog\/wp-content\/uploads\/2026\/03\/user-avatar-96x96.jpg","caption":"Adam Fontaine"},"description":"Journaliste sp\u00e9cialis\u00e9 en collectivit\u00e9s territoriales et politiques publiques locales depuis plus de 15 ans. Ancien attach\u00e9 territorial, Adam Fontaine couvre l'actualit\u00e9 des mairies, intercommunalit\u00e9s et services publics de proximit\u00e9. Expert en finances locales, urbanisme et action sociale communale, il d\u00e9crypte les dispositifs d'aide, les r\u00e9formes institutionnelles et les enjeux du quotidien des administr\u00e9s. Ses analyses s'appuient sur une connaissance approfondie du terrain et des sources officielles (DGCL, AMF, Cour des comptes). Contributeur r\u00e9gulier de Mairies Online depuis 2019.","url":"https:\/\/mairies-online.com\/blog\/author\/adam-fontaine-48\/"}]}},"views":496,"_links":{"self":[{"href":"https:\/\/mairies-online.com\/blog\/wp-json\/wp\/v2\/posts\/8741","targetHints":{"allow":["GET"]}}],"collection":[{"href":"https:\/\/mairies-online.com\/blog\/wp-json\/wp\/v2\/posts"}],"about":[{"href":"https:\/\/mairies-online.com\/blog\/wp-json\/wp\/v2\/types\/post"}],"author":[{"embeddable":true,"href":"https:\/\/mairies-online.com\/blog\/wp-json\/wp\/v2\/users\/6"}],"replies":[{"embeddable":true,"href":"https:\/\/mairies-online.com\/blog\/wp-json\/wp\/v2\/comments?post=8741"}],"version-history":[{"count":0,"href":"https:\/\/mairies-online.com\/blog\/wp-json\/wp\/v2\/posts\/8741\/revisions"}],"wp:featuredmedia":[{"embeddable":true,"href":"https:\/\/mairies-online.com\/blog\/wp-json\/wp\/v2\/media\/8740"}],"wp:attachment":[{"href":"https:\/\/mairies-online.com\/blog\/wp-json\/wp\/v2\/media?parent=8741"}],"wp:term":[{"taxonomy":"category","embeddable":true,"href":"https:\/\/mairies-online.com\/blog\/wp-json\/wp\/v2\/categories?post=8741"},{"taxonomy":"post_tag","embeddable":true,"href":"https:\/\/mairies-online.com\/blog\/wp-json\/wp\/v2\/tags?post=8741"}],"curies":[{"name":"wp","href":"https:\/\/api.w.org\/{rel}","templated":true}]}}